{"id":795,"date":"2023-12-08T19:47:42","date_gmt":"2023-12-08T17:47:42","guid":{"rendered":"https:\/\/kosarkapgz.com\/?p=795"},"modified":"2023-12-08T19:56:46","modified_gmt":"2023-12-08T17:56:46","slug":"kk-skrljevo-depolink-predstavio-edija-dzelaliju","status":"publish","type":"post","link":"https:\/\/kosarkapgz.com\/?p=795","title":{"rendered":"KK &#8220;\u0160krljevo DepoLink&#8221; predstavilo Edija D\u017eelaliju"},"content":{"rendered":"<p>Nakon razlaza s dugogodi\u0161njim trenerom <strong>Damirom Rajkovi\u0107em<\/strong>, KK &#8220;\u0160krljevo DepoLink&#8221; novo je lice na klupi prona\u0161lo u liku <strong>Edija D\u017eelalije<\/strong>. Pred iskusnim 54-godi\u0161njim stru\u010dnjakom koji je ozbiljniju trenersku karijeru zapo\u010deo prije vi\u0161e od dva desetlje\u0107a upravo u Rijeci te\u017eak je posao, jer Zeleni se nakon neuvjerljive prvenstvene jeseni nalaze pri dnu premijerliga\u0161ke ljestvice.<\/p>\n<p>-Zahvalan sam klubu na ukazanom povjerenju, sada je najva\u017enije da igra\u010dima vratimo izgubljeno samopouzdanje. Razgovarao sam s njima, va\u017eno je da imaju veliku volju i optimizam, iako ne\u0107e biti nimalo lagano. Analizirat \u0107emo stanje i za mjesec dana donijeti odre\u0111ene zaklju\u010dke po pitanju igre i igra\u010dkog kadra.<\/p>\n<p>Predsjednik \u0160krljeva <strong>Vice Sep<\/strong>, po svom je obi\u010daju, smireno i racionalno izanalizirao postoje\u0107u situaciju u klubu.<\/p>\n<p>-Hvala dosada\u0161njem treneru Rajkovi\u0107u, u proteklih sedam godina vukao je klub te napravio puno dobrih stvari, no, na\u017ealost, posljednji rezultati nisu bili u skladu s ambicijama kluba. \u017deljeli smo trenera koji dobro poznaje na\u0161e podneblje, nekoga tko je trenerski \u201eodrastao\u201c u ovom kraju, rekao je Sep, naglasiv\u0161i o\u010dekivanja Uprave u nastavku sezone.<\/p>\n<figure id=\"attachment_801\" aria-describedby=\"caption-attachment-801\" style=\"width: 1000px\" class=\"wp-caption alignnone\"><img loading=\"lazy\" decoding=\"async\" class=\"wp-image-801 size-full\" src=\"http:\/\/kosarkapgz.com\/wp-content\/uploads\/2023\/12\/skrljevo-trener-1-kopi-kopi.jpg\" alt=\"\" width=\"1000\" height=\"488\" \/><figcaption id=\"caption-attachment-801\" class=\"wp-caption-text\">Edi D\u017eelalija FOTO: Creative Media<\/figcaption><\/figure>\n<p>-Vjerujemo da \u0107e se preokrenuti ovaj negativan niz,\u00a0 za tako ne\u0161to imamo kvalitetu. \u017delimo se stabilizirati u mirnoj zoni sredine ljestvice, te u nastavku sezone nesmetano razvijati mlade igra\u010de.<\/p>\n<p>Vremena za predah nema, jer Zelene ve\u0107 sutra (9.12.) o\u010dekuje doma\u0107i susret protiv zagreba\u010dkog Dinama predvo\u0111enog izbornikom <strong>Josipom Sesarom<\/strong>.<\/p>\n<p>-U prvom dijelu sezone od njih smo izgubili s 20 poena razlike. Iskusna su ekipa s \u201eglavom i repom\u201c koja ima deset podjednakih igra\u010da. Na nama je da se stabiliziramo u obrani, jer protivnici nam u prosjeku zabijaju \u010dak 92 poena po utakmici, a imamo i dosta nizak postotak \u0161uta, detektirao je klju\u010dne probleme u igri novi trener.<\/p>\n<p>Nakon Dinama, do kraja kalendarske godine D\u017eelalija \u0107e svoju novu ekipu povesti u dvije prvenstvene i jednu kup bitku. Zeleni \u0107e tako u Dra\u017eenovom domu u utorak, 13. prosinca, odigrati utakmicu <strong>Kupa Kre\u0161imira \u0106osi\u0107a<\/strong> protiv <strong>Cibone<\/strong>, a \u010detiri dana kasnije, tako\u0111er u metropoli, suprostaviti se <strong>Dubravi<\/strong>. Opro\u0161taj od kalendarske godine uslijedit \u0107e u Kostreni 20. prosinca, u jo\u0161 jednom, ovoga puta prvenstvenom dvoboju protiv <strong>\u201eVukova s Tu\u0161kanca\u201c<\/strong>.<\/p>\n","protected":false},"excerpt":{"rendered":"<p>Nakon razlaza s dugogodi\u0161njim trenerom Damirom Rajkovi\u0107em, KK &#8220;\u0160krljevo DepoLink&#8221; novo je lice na klupi prona\u0161lo u liku Edija D\u017eelalije. Pred iskusnim 54-godi\u0161njim stru\u010dnjakom koji je ozbiljniju trenersku karijeru zapo\u010deo prije vi\u0161e od dva desetlje\u0107a upravo u Rijeci te\u017eak je posao, jer Zeleni se nakon neuvjerljive prvenstvene jeseni nalaze pri dnu premijerliga\u0161ke ljestvice. -Zahvalan sam [&hellip;]<\/p>\n","protected":false},"author":2,"featured_media":799,"comment_status":"open","ping_status":"open","sticky":false,"template":"","format":"standard","meta":{"footnotes":""},"categories":[29],"tags":[],"yoast_head":"<!-- This site is optimized with the Yoast SEO plugin v21.6 - https:\/\/yoast.com\/wordpress\/plugins\/seo\/ -->\n<title>KK &quot;\u0160krljevo DepoLink&quot; predstavilo Edija D\u017eelaliju - Ko\u0161arka\u0161ki savez PG\u017d<\/title>\n<meta name=\"description\" content=\"Nakon razlaza s dugogodi\u0161njim trenerom Damirom Rajkovi\u0107em, \u0160krljevo DepoLink novo je lice na klupi prona\u0161lo u liku Edija D\u017eelalije. Pred iskusnim stru\u010dnjakom koji je ozbiljniju trenersku karijeru zapo\u010deo prije vi\u0161e od dva destlje\u0107a upravo u Rijeci, te\u017eak je posao, jer Zeleni se nakon blijede prvenstvene jeseni, nalaze pri dnu premijerliga\u0161ke ljestvice.\" \/>\n<meta name=\"robots\" content=\"index, follow, max-snippet:-1, max-image-preview:large, max-video-preview:-1\" \/>\n<link rel=\"canonical\" href=\"https:\/\/kosarkapgz.com\/?p=795\" \/>\n<meta property=\"og:locale\" content=\"hr_HR\" \/>\n<meta property=\"og:type\" content=\"article\" \/>\n<meta property=\"og:title\" content=\"KK &quot;\u0160krljevo DepoLink&quot; predstavilo Edija D\u017eelaliju - Ko\u0161arka\u0161ki savez PG\u017d\" \/>\n<meta property=\"og:description\" content=\"Nakon razlaza s dugogodi\u0161njim trenerom Damirom Rajkovi\u0107em, \u0160krljevo DepoLink novo je lice na klupi prona\u0161lo u liku Edija D\u017eelalije. Pred iskusnim stru\u010dnjakom koji je ozbiljniju trenersku karijeru zapo\u010deo prije vi\u0161e od dva destlje\u0107a upravo u Rijeci, te\u017eak je posao, jer Zeleni se nakon blijede prvenstvene jeseni, nalaze pri dnu premijerliga\u0161ke ljestvice.\" \/>\n<meta property=\"og:url\" content=\"https:\/\/kosarkapgz.com\/?p=795\" \/>\n<meta property=\"og:site_name\" content=\"Ko\u0161arka\u0161ki savez PG\u017d\" \/>\n<meta property=\"article:published_time\" content=\"2023-12-08T17:47:42+00:00\" \/>\n<meta property=\"article:modified_time\" content=\"2023-12-08T17:56:46+00:00\" \/>\n<meta property=\"og:image\" content=\"http:\/\/kosarkapgz.com\/wp-content\/uploads\/2023\/12\/skrljevo-trener-2-kopi.jpg\" \/>\n\t<meta property=\"og:image:width\" content=\"1000\" \/>\n\t<meta property=\"og:image:height\" content=\"666\" \/>\n\t<meta property=\"og:image:type\" content=\"image\/jpeg\" \/>\n<meta name=\"author\" content=\"Boris Mio\u010di\u0107\" \/>\n<meta name=\"twitter:card\" content=\"summary_large_image\" \/>\n<meta name=\"twitter:label1\" content=\"Napisao\/la\" \/>\n\t<meta name=\"twitter:data1\" content=\"Boris Mio\u010di\u0107\" \/>\n\t<meta name=\"twitter:label2\" content=\"Procijenjeno vrijeme \u010ditanja\" \/>\n\t<meta name=\"twitter:data2\" content=\"3 minute\" \/>\n<script type=\"application\/ld+json\" class=\"yoast-schema-graph\">{\"@context\":\"https:\/\/schema.org\",\"@graph\":[{\"@type\":\"Article\",\"@id\":\"https:\/\/kosarkapgz.com\/?p=795#article\",\"isPartOf\":{\"@id\":\"https:\/\/kosarkapgz.com\/?p=795\"},\"author\":{\"name\":\"Boris Mio\u010di\u0107\",\"@id\":\"https:\/\/kosarkapgz.com\/#\/schema\/person\/f878cc9b38309cd72f28148f517c6c1f\"},\"headline\":\"KK &#8220;\u0160krljevo DepoLink&#8221; predstavilo Edija D\u017eelaliju\",\"datePublished\":\"2023-12-08T17:47:42+00:00\",\"dateModified\":\"2023-12-08T17:56:46+00:00\",\"mainEntityOfPage\":{\"@id\":\"https:\/\/kosarkapgz.com\/?p=795\"},\"wordCount\":397,\"commentCount\":0,\"publisher\":{\"@id\":\"https:\/\/kosarkapgz.com\/#organization\"},\"articleSection\":[\"Aktualno\"],\"inLanguage\":\"hr\",\"potentialAction\":[{\"@type\":\"CommentAction\",\"name\":\"Comment\",\"target\":[\"https:\/\/kosarkapgz.com\/?p=795#respond\"]}]},{\"@type\":\"WebPage\",\"@id\":\"https:\/\/kosarkapgz.com\/?p=795\",\"url\":\"https:\/\/kosarkapgz.com\/?p=795\",\"name\":\"KK \\\"\u0160krljevo DepoLink\\\" predstavilo Edija D\u017eelaliju - Ko\u0161arka\u0161ki savez PG\u017d\",\"isPartOf\":{\"@id\":\"https:\/\/kosarkapgz.com\/#website\"},\"datePublished\":\"2023-12-08T17:47:42+00:00\",\"dateModified\":\"2023-12-08T17:56:46+00:00\",\"description\":\"Nakon razlaza s dugogodi\u0161njim trenerom Damirom Rajkovi\u0107em, \u0160krljevo DepoLink novo je lice na klupi prona\u0161lo u liku Edija D\u017eelalije. Pred iskusnim stru\u010dnjakom koji je ozbiljniju trenersku karijeru zapo\u010deo prije vi\u0161e od dva destlje\u0107a upravo u Rijeci, te\u017eak je posao, jer Zeleni se nakon blijede prvenstvene jeseni, nalaze pri dnu premijerliga\u0161ke ljestvice.\",\"breadcrumb\":{\"@id\":\"https:\/\/kosarkapgz.com\/?p=795#breadcrumb\"},\"inLanguage\":\"hr\",\"potentialAction\":[{\"@type\":\"ReadAction\",\"target\":[\"https:\/\/kosarkapgz.com\/?p=795\"]}]},{\"@type\":\"BreadcrumbList\",\"@id\":\"https:\/\/kosarkapgz.com\/?p=795#breadcrumb\",\"itemListElement\":[{\"@type\":\"ListItem\",\"position\":1,\"name\":\"Home\",\"item\":\"https:\/\/kosarkapgz.com\/\"},{\"@type\":\"ListItem\",\"position\":2,\"name\":\"KK &#8220;\u0160krljevo DepoLink&#8221; predstavilo Edija D\u017eelaliju\"}]},{\"@type\":\"WebSite\",\"@id\":\"https:\/\/kosarkapgz.com\/#website\",\"url\":\"https:\/\/kosarkapgz.com\/\",\"name\":\"Ko\u0161arka\u0161ki savez PG\u017d\",\"description\":\"Slu\u017ebena stranica Ko\u0161arka\u0161kog saveza Primorsko - goranske \u017eupanije\",\"publisher\":{\"@id\":\"https:\/\/kosarkapgz.com\/#organization\"},\"alternateName\":\"Ko\u0161arkaPG\u017d\",\"potentialAction\":[{\"@type\":\"SearchAction\",\"target\":{\"@type\":\"EntryPoint\",\"urlTemplate\":\"https:\/\/kosarkapgz.com\/?s={search_term_string}\"},\"query-input\":\"required name=search_term_string\"}],\"inLanguage\":\"hr\"},{\"@type\":\"Organization\",\"@id\":\"https:\/\/kosarkapgz.com\/#organization\",\"name\":\"Ko\u0161arka\u0161ki savez PG\u017d\",\"url\":\"https:\/\/kosarkapgz.com\/\",\"logo\":{\"@type\":\"ImageObject\",\"inLanguage\":\"hr\",\"@id\":\"https:\/\/kosarkapgz.com\/#\/schema\/logo\/image\/\",\"url\":\"https:\/\/kosarkapgz.com\/wp-content\/uploads\/2023\/11\/kspgz_zastavica.jpg\",\"contentUrl\":\"https:\/\/kosarkapgz.com\/wp-content\/uploads\/2023\/11\/kspgz_zastavica.jpg\",\"width\":150,\"height\":189,\"caption\":\"Ko\u0161arka\u0161ki savez PG\u017d\"},\"image\":{\"@id\":\"https:\/\/kosarkapgz.com\/#\/schema\/logo\/image\/\"}},{\"@type\":\"Person\",\"@id\":\"https:\/\/kosarkapgz.com\/#\/schema\/person\/f878cc9b38309cd72f28148f517c6c1f\",\"name\":\"Boris Mio\u010di\u0107\",\"image\":{\"@type\":\"ImageObject\",\"inLanguage\":\"hr\",\"@id\":\"https:\/\/kosarkapgz.com\/#\/schema\/person\/image\/\",\"url\":\"https:\/\/secure.gravatar.com\/avatar\/8e3b056aa2299b01b1b1565a2e1c1bd7?s=96&d=mm&r=g\",\"contentUrl\":\"https:\/\/secure.gravatar.com\/avatar\/8e3b056aa2299b01b1b1565a2e1c1bd7?s=96&d=mm&r=g\",\"caption\":\"Boris Mio\u010di\u0107\"},\"url\":\"https:\/\/kosarkapgz.com\/?author=2\"}]}<\/script>\n<!-- \/ Yoast SEO plugin. -->","yoast_head_json":{"title":"KK \"\u0160krljevo DepoLink\" predstavilo Edija D\u017eelaliju - Ko\u0161arka\u0161ki savez PG\u017d","description":"Nakon razlaza s dugogodi\u0161njim trenerom Damirom Rajkovi\u0107em, \u0160krljevo DepoLink novo je lice na klupi prona\u0161lo u liku Edija D\u017eelalije. Pred iskusnim stru\u010dnjakom koji je ozbiljniju trenersku karijeru zapo\u010deo prije vi\u0161e od dva destlje\u0107a upravo u Rijeci, te\u017eak je posao, jer Zeleni se nakon blijede prvenstvene jeseni, nalaze pri dnu premijerliga\u0161ke ljestvice.","robots":{"index":"index","follow":"follow","max-snippet":"max-snippet:-1","max-image-preview":"max-image-preview:large","max-video-preview":"max-video-preview:-1"},"canonical":"https:\/\/kosarkapgz.com\/?p=795","og_locale":"hr_HR","og_type":"article","og_title":"KK \"\u0160krljevo DepoLink\" predstavilo Edija D\u017eelaliju - Ko\u0161arka\u0161ki savez PG\u017d","og_description":"Nakon razlaza s dugogodi\u0161njim trenerom Damirom Rajkovi\u0107em, \u0160krljevo DepoLink novo je lice na klupi prona\u0161lo u liku Edija D\u017eelalije. Pred iskusnim stru\u010dnjakom koji je ozbiljniju trenersku karijeru zapo\u010deo prije vi\u0161e od dva destlje\u0107a upravo u Rijeci, te\u017eak je posao, jer Zeleni se nakon blijede prvenstvene jeseni, nalaze pri dnu premijerliga\u0161ke ljestvice.","og_url":"https:\/\/kosarkapgz.com\/?p=795","og_site_name":"Ko\u0161arka\u0161ki savez PG\u017d","article_published_time":"2023-12-08T17:47:42+00:00","article_modified_time":"2023-12-08T17:56:46+00:00","og_image":[{"width":1000,"height":666,"url":"http:\/\/kosarkapgz.com\/wp-content\/uploads\/2023\/12\/skrljevo-trener-2-kopi.jpg","type":"image\/jpeg"}],"author":"Boris Mio\u010di\u0107","twitter_card":"summary_large_image","twitter_misc":{"Napisao\/la":"Boris Mio\u010di\u0107","Procijenjeno vrijeme \u010ditanja":"3 minute"},"schema":{"@context":"https:\/\/schema.org","@graph":[{"@type":"Article","@id":"https:\/\/kosarkapgz.com\/?p=795#article","isPartOf":{"@id":"https:\/\/kosarkapgz.com\/?p=795"},"author":{"name":"Boris Mio\u010di\u0107","@id":"https:\/\/kosarkapgz.com\/#\/schema\/person\/f878cc9b38309cd72f28148f517c6c1f"},"headline":"KK &#8220;\u0160krljevo DepoLink&#8221; predstavilo Edija D\u017eelaliju","datePublished":"2023-12-08T17:47:42+00:00","dateModified":"2023-12-08T17:56:46+00:00","mainEntityOfPage":{"@id":"https:\/\/kosarkapgz.com\/?p=795"},"wordCount":397,"commentCount":0,"publisher":{"@id":"https:\/\/kosarkapgz.com\/#organization"},"articleSection":["Aktualno"],"inLanguage":"hr","potentialAction":[{"@type":"CommentAction","name":"Comment","target":["https:\/\/kosarkapgz.com\/?p=795#respond"]}]},{"@type":"WebPage","@id":"https:\/\/kosarkapgz.com\/?p=795","url":"https:\/\/kosarkapgz.com\/?p=795","name":"KK \"\u0160krljevo DepoLink\" predstavilo Edija D\u017eelaliju - Ko\u0161arka\u0161ki savez PG\u017d","isPartOf":{"@id":"https:\/\/kosarkapgz.com\/#website"},"datePublished":"2023-12-08T17:47:42+00:00","dateModified":"2023-12-08T17:56:46+00:00","description":"Nakon razlaza s dugogodi\u0161njim trenerom Damirom Rajkovi\u0107em, \u0160krljevo DepoLink novo je lice na klupi prona\u0161lo u liku Edija D\u017eelalije. Pred iskusnim stru\u010dnjakom koji je ozbiljniju trenersku karijeru zapo\u010deo prije vi\u0161e od dva destlje\u0107a upravo u Rijeci, te\u017eak je posao, jer Zeleni se nakon blijede prvenstvene jeseni, nalaze pri dnu premijerliga\u0161ke ljestvice.","breadcrumb":{"@id":"https:\/\/kosarkapgz.com\/?p=795#breadcrumb"},"inLanguage":"hr","potentialAction":[{"@type":"ReadAction","target":["https:\/\/kosarkapgz.com\/?p=795"]}]},{"@type":"BreadcrumbList","@id":"https:\/\/kosarkapgz.com\/?p=795#breadcrumb","itemListElement":[{"@type":"ListItem","position":1,"name":"Home","item":"https:\/\/kosarkapgz.com\/"},{"@type":"ListItem","position":2,"name":"KK &#8220;\u0160krljevo DepoLink&#8221; predstavilo Edija D\u017eelaliju"}]},{"@type":"WebSite","@id":"https:\/\/kosarkapgz.com\/#website","url":"https:\/\/kosarkapgz.com\/","name":"Ko\u0161arka\u0161ki savez PG\u017d","description":"Slu\u017ebena stranica Ko\u0161arka\u0161kog saveza Primorsko - goranske \u017eupanije","publisher":{"@id":"https:\/\/kosarkapgz.com\/#organization"},"alternateName":"Ko\u0161arkaPG\u017d","potentialAction":[{"@type":"SearchAction","target":{"@type":"EntryPoint","urlTemplate":"https:\/\/kosarkapgz.com\/?s={search_term_string}"},"query-input":"required name=search_term_string"}],"inLanguage":"hr"},{"@type":"Organization","@id":"https:\/\/kosarkapgz.com\/#organization","name":"Ko\u0161arka\u0161ki savez PG\u017d","url":"https:\/\/kosarkapgz.com\/","logo":{"@type":"ImageObject","inLanguage":"hr","@id":"https:\/\/kosarkapgz.com\/#\/schema\/logo\/image\/","url":"https:\/\/kosarkapgz.com\/wp-content\/uploads\/2023\/11\/kspgz_zastavica.jpg","contentUrl":"https:\/\/kosarkapgz.com\/wp-content\/uploads\/2023\/11\/kspgz_zastavica.jpg","width":150,"height":189,"caption":"Ko\u0161arka\u0161ki savez PG\u017d"},"image":{"@id":"https:\/\/kosarkapgz.com\/#\/schema\/logo\/image\/"}},{"@type":"Person","@id":"https:\/\/kosarkapgz.com\/#\/schema\/person\/f878cc9b38309cd72f28148f517c6c1f","name":"Boris Mio\u010di\u0107","image":{"@type":"ImageObject","inLanguage":"hr","@id":"https:\/\/kosarkapgz.com\/#\/schema\/person\/image\/","url":"https:\/\/secure.gravatar.com\/avatar\/8e3b056aa2299b01b1b1565a2e1c1bd7?s=96&d=mm&r=g","contentUrl":"https:\/\/secure.gravatar.com\/avatar\/8e3b056aa2299b01b1b1565a2e1c1bd7?s=96&d=mm&r=g","caption":"Boris Mio\u010di\u0107"},"url":"https:\/\/kosarkapgz.com\/?author=2"}]}},"_links":{"self":[{"href":"https:\/\/kosarkapgz.com\/index.php?rest_route=\/wp\/v2\/posts\/795"}],"collection":[{"href":"https:\/\/kosarkapgz.com\/index.php?rest_route=\/wp\/v2\/posts"}],"about":[{"href":"https:\/\/kosarkapgz.com\/index.php?rest_route=\/wp\/v2\/types\/post"}],"author":[{"embeddable":true,"href":"https:\/\/kosarkapgz.com\/index.php?rest_route=\/wp\/v2\/users\/2"}],"replies":[{"embeddable":true,"href":"https:\/\/kosarkapgz.com\/index.php?rest_route=%2Fwp%2Fv2%2Fcomments&post=795"}],"version-history":[{"count":11,"href":"https:\/\/kosarkapgz.com\/index.php?rest_route=\/wp\/v2\/posts\/795\/revisions"}],"predecessor-version":[{"id":809,"href":"https:\/\/kosarkapgz.com\/index.php?rest_route=\/wp\/v2\/posts\/795\/revisions\/809"}],"wp:featuredmedia":[{"embeddable":true,"href":"https:\/\/kosarkapgz.com\/index.php?rest_route=\/wp\/v2\/media\/799"}],"wp:attachment":[{"href":"https:\/\/kosarkapgz.com\/index.php?rest_route=%2Fwp%2Fv2%2Fmedia&parent=795"}],"wp:term":[{"taxonomy":"category","embeddable":true,"href":"https:\/\/kosarkapgz.com\/index.php?rest_route=%2Fwp%2Fv2%2Fcategories&post=795"},{"taxonomy":"post_tag","embeddable":true,"href":"https:\/\/kosarkapgz.com\/index.php?rest_route=%2Fwp%2Fv2%2Ftags&post=795"}],"curies":[{"name":"wp","href":"https:\/\/api.w.org\/{rel}","templated":true}]}}