{"id":5848,"date":"2026-04-28T18:03:46","date_gmt":"2026-04-28T16:03:46","guid":{"rendered":"https:\/\/kosarkapgz.com\/?p=5848"},"modified":"2026-04-28T18:06:01","modified_gmt":"2026-04-28T16:06:01","slug":"odlicna-sezona-kosarkasica-fsv-a","status":"publish","type":"post","link":"https:\/\/kosarkapgz.com\/?p=5848","title":{"rendered":"Odli\u010dna sezona ko\u0161arka\u0161ica FSV-a"},"content":{"rendered":"<p>Iza \u017eenskog pogona <strong>Ko\u0161arka\u0161kog kluba FSV<\/strong> izuzetna je sezona, ispunjena brojnim uspjesima te ekipnim i klupskim titulama u mla\u0111im kategorijama. Posebno je odjeknuo naslov kadetskih dr\u017eavnih prvakinja, osvojen po\u010detkom travnja u Kraljevici, kada su FSV-ovke u neizvjesnom finalu svladale vr\u0161njakinje Splita. Malo je nedostajalo da veliki kadetski uspjeh ponove i juniorke, koje su sezonu zavr\u0161ile kao viceprvakinje Hrvatske.<\/p>\n<p><img loading=\"lazy\" decoding=\"async\" class=\"alignnone size-full wp-image-5851\" src=\"http:\/\/kosarkapgz.com\/wp-content\/uploads\/2026\/04\/2304-kopi.jpg\" alt=\"\" width=\"1000\" height=\"667\" srcset=\"https:\/\/kosarkapgz.com\/wp-content\/uploads\/2026\/04\/2304-kopi.jpg 1000w, https:\/\/kosarkapgz.com\/wp-content\/uploads\/2026\/04\/2304-kopi-300x200.jpg 300w, https:\/\/kosarkapgz.com\/wp-content\/uploads\/2026\/04\/2304-kopi-768x512.jpg 768w\" sizes=\"(max-width: 1000px) 100vw, 1000px\" \/><\/p>\n<p>\u2013 <strong>Odigrali smo stvarno izuzetnu sezonu. Od deset utakmica na dr\u017eavnoj razini izgubili smo samo juniorsko finale<\/strong>. Cure su jako vrijedne, radimo vrlo kvalitetno. Rije\u010d je o izuzetno talentiranoj generaciji koja ima odli\u010dne uvjete rada. Svaki dan smo zajedno, treniramo u teretani, radimo individualno te imamo pet zajedni\u010dkih ve\u010dernjih treninga. Tri, \u010detiri cure ve\u0107 igraju u seniorskoj ekipi i imaju ozbiljnu minuta\u017eu. Nije lako, ali rad s mladima je jedini ispravan put. Ukoliko ova generacija u idu\u0107ih nekoliko godina ostane na okupu, rezultati seniorki sigurno ne\u0107e izostati. <strong>\u017delio bih pohvaliti klupsku politiku zacrtanu od strane sportskog direktora Emila Balti\u0107a i Uprave, a to je razvoj mladih igra\u010dica od \u010dega ne odstupamo niti milimetra<\/strong>, podvukao je trener kadetske, juniorske i seniorske ekipe Davor Tadej, a sli\u010dno razmi\u0161lja i direktor Balti\u0107.<\/p>\n<figure id=\"attachment_5852\" aria-describedby=\"caption-attachment-5852\" style=\"width: 973px\" class=\"wp-caption alignnone\"><img loading=\"lazy\" decoding=\"async\" class=\"size-full wp-image-5852\" src=\"http:\/\/kosarkapgz.com\/wp-content\/uploads\/2026\/04\/2265-kopi-kopi-1.jpg\" alt=\"\" width=\"973\" height=\"603\" srcset=\"https:\/\/kosarkapgz.com\/wp-content\/uploads\/2026\/04\/2265-kopi-kopi-1.jpg 973w, https:\/\/kosarkapgz.com\/wp-content\/uploads\/2026\/04\/2265-kopi-kopi-1-300x186.jpg 300w, https:\/\/kosarkapgz.com\/wp-content\/uploads\/2026\/04\/2265-kopi-kopi-1-768x476.jpg 768w\" sizes=\"(max-width: 973px) 100vw, 973px\" \/><figcaption id=\"caption-attachment-5852\" class=\"wp-caption-text\">Davor Tadej, Petra Glomazi\u0107, MIa Ratkovi\u0107<\/figcaption><\/figure>\n<p>&#8211; O\u010dekivao sam kadetsko finale, dok me juniorsko \u010dak malo iznenadilo. Ipak, budu\u0107i da sve cure izuzetno ozbiljno rade i pristupaju svojim sportskim obvezama, mo\u017eda to i nije neo\u010dekivano. <strong>Ove sezone vidljiv je veliki individualni i ekipni napredak, pogotovo kod igra\u010dica koje su dio seniorske ekipe u Premijer ligi<\/strong>, takve ko\u0161arka\u0161ice dominiraju u mla\u0111im uzrastima, naglasio je Balti\u0107.<\/p>\n<figure id=\"attachment_5856\" aria-describedby=\"caption-attachment-5856\" style=\"width: 1000px\" class=\"wp-caption alignnone\"><img loading=\"lazy\" decoding=\"async\" class=\"size-full wp-image-5856\" src=\"http:\/\/kosarkapgz.com\/wp-content\/uploads\/2026\/04\/1954-kopi-kopi.jpg\" alt=\"\" width=\"1000\" height=\"667\" srcset=\"https:\/\/kosarkapgz.com\/wp-content\/uploads\/2026\/04\/1954-kopi-kopi.jpg 1000w, https:\/\/kosarkapgz.com\/wp-content\/uploads\/2026\/04\/1954-kopi-kopi-300x200.jpg 300w, https:\/\/kosarkapgz.com\/wp-content\/uploads\/2026\/04\/1954-kopi-kopi-768x512.jpg 768w\" sizes=\"(max-width: 1000px) 100vw, 1000px\" \/><figcaption id=\"caption-attachment-5856\" class=\"wp-caption-text\">trener Jadranko Smojver<\/figcaption><\/figure>\n<p>Najva\u017enije je da se \u201ekrvna slika\u201d ekipa u idu\u0107oj sezoni ne\u0107e bitnije mijenjati.<\/p>\n<p>&#8211; Sve cure ostaju na okupu, \u010dak i u seniorskom pogonu, osim <strong>Mije Ma\u0161i\u0107<\/strong> koja je zavr\u0161ila karijeru. S <strong>Anjom Konjevi\u0107<\/strong> razgovarat \u0107emo o tome vidi li se idu\u0107e sezone u igra\u010dkoj ili u trenerskoj ulozi, no sve ostalo ostaje isto. Zadovoljni smo i projektom Rije\u010danke, drugi rang u kojem igra ta ekipa pokazao se punim pogotkom. Pohvalio bih trenere <strong>Davora Tadeja, Jadranka Smojvera, Barbaru Peri\u0107<\/strong> i <strong>Tomislava \u0160veca<\/strong> koji su dali veliki doprinos ovakvim rezultatima, naglasio je Balti\u0107.<\/p>\n<figure id=\"attachment_5853\" aria-describedby=\"caption-attachment-5853\" style=\"width: 1000px\" class=\"wp-caption alignnone\"><img loading=\"lazy\" decoding=\"async\" class=\"size-full wp-image-5853\" src=\"http:\/\/kosarkapgz.com\/wp-content\/uploads\/2026\/04\/2068-kopi.jpg\" alt=\"\" width=\"1000\" height=\"667\" srcset=\"https:\/\/kosarkapgz.com\/wp-content\/uploads\/2026\/04\/2068-kopi.jpg 1000w, https:\/\/kosarkapgz.com\/wp-content\/uploads\/2026\/04\/2068-kopi-300x200.jpg 300w, https:\/\/kosarkapgz.com\/wp-content\/uploads\/2026\/04\/2068-kopi-768x512.jpg 768w\" sizes=\"(max-width: 1000px) 100vw, 1000px\" \/><figcaption id=\"caption-attachment-5853\" class=\"wp-caption-text\">Anja Konjevi\u0107 (s loptom)<\/figcaption><\/figure>\n<p>Odli\u010dnu sezonu odigrale su kapetanice srebrne juniorske i zlatne kadetske ekipe, <strong>Mia Ratkovi\u0107<\/strong> i <strong>Petra Glomazi\u0107<\/strong>.<\/p>\n<p>&#8211; Jako dobro smo trenirali kroz \u010ditavu sezonu, mislim da je to klju\u010d na\u0161ih ovosezonskih uspjeha, rekla je kapetanica juniorske ekipe Mia Ratkovi\u0107, koja je u posljednjoj minuti opro\u0161tajne utakmice Mije Ma\u0161i\u0107 protiv KA\u017dL-a zamijenila poznatu imenjakinju sa iznimno zapa\u017eenom karijerom.<\/p>\n<p>&#8211; <strong>Mia Ma\u0161i\u0107 je bila profesionalna ko\u0161arka\u0161ica te reprezentativka i nama mla\u0111ima predstavlja veliki uzor<\/strong>. Njezina velika karijera motivira me da nastavim s ozbiljnim radom i napretkom u dresu FSV-a, rekla je Ratkovi\u0107.<\/p>\n<figure id=\"attachment_5854\" aria-describedby=\"caption-attachment-5854\" style=\"width: 1000px\" class=\"wp-caption alignnone\"><img loading=\"lazy\" decoding=\"async\" class=\"size-full wp-image-5854\" src=\"http:\/\/kosarkapgz.com\/wp-content\/uploads\/2026\/04\/2305-kopi.jpg\" alt=\"\" width=\"1000\" height=\"667\" srcset=\"https:\/\/kosarkapgz.com\/wp-content\/uploads\/2026\/04\/2305-kopi.jpg 1000w, https:\/\/kosarkapgz.com\/wp-content\/uploads\/2026\/04\/2305-kopi-300x200.jpg 300w, https:\/\/kosarkapgz.com\/wp-content\/uploads\/2026\/04\/2305-kopi-768x512.jpg 768w\" sizes=\"(max-width: 1000px) 100vw, 1000px\" \/><figcaption id=\"caption-attachment-5854\" class=\"wp-caption-text\">Mia Ma\u0161i\u0107 i Davor Tadej<\/figcaption><\/figure>\n<p>&#8211; Titula koju smo osvojili u kadetskoj konkurenciji rezultat je napornog rada, ali iskustvo koje smo stekle u seniorskom dresu mo\u017eda je bilo presudno na parketu, smatra Petra Glomazi\u0107.<\/p>\n<p>U izloge kluba nisu stigli samo vrijedni ekipni trofeji, ve\u0107 i oni pojedina\u010dni. <strong>Maja D\u017eid\u017ei\u0107<\/strong> uvr\u0161tena je u najbolju petorku zavr\u0161nog juniorskog turnira, dok je <strong>Lani Pozder<\/strong> pripao naslov najkorisnije igra\u010dice kadetske zavr\u0161nice (MVP).<\/p>\n<p>&#8211; Nisam se nadala takvoj tituli, mo\u017eda je u odluci \u017eirija presudila moja velika borbenost i \u017ear kojeg imam u igri. <strong>Drago mi je zbog nagrade koja \u0107e me motivirati da idem dalje, mo\u017eda i do dresa hrvatske reprezentacije<\/strong>. Privla\u010di me trenerski posao, vjerojatno \u0107u jednoga dana kada zavr\u0161im igra\u010dku krenuti u trenersku karijeru, kazala je Pozder.<\/p>\n<figure id=\"attachment_5855\" aria-describedby=\"caption-attachment-5855\" style=\"width: 1000px\" class=\"wp-caption alignnone\"><img loading=\"lazy\" decoding=\"async\" class=\"size-full wp-image-5855\" src=\"http:\/\/kosarkapgz.com\/wp-content\/uploads\/2026\/04\/2069-kopi-kopi.jpg\" alt=\"\" width=\"1000\" height=\"667\" srcset=\"https:\/\/kosarkapgz.com\/wp-content\/uploads\/2026\/04\/2069-kopi-kopi.jpg 1000w, https:\/\/kosarkapgz.com\/wp-content\/uploads\/2026\/04\/2069-kopi-kopi-300x200.jpg 300w, https:\/\/kosarkapgz.com\/wp-content\/uploads\/2026\/04\/2069-kopi-kopi-768x512.jpg 768w\" sizes=\"(max-width: 1000px) 100vw, 1000px\" \/><figcaption id=\"caption-attachment-5855\" class=\"wp-caption-text\">Lana Pozder<\/figcaption><\/figure>\n<p>Ionako uspje\u0161na sezona mo\u017ee postati jo\u0161 uspje\u0161nija, ostvare li U17 ekipa dobar rezultat na <strong>Final Fouru WABA lige<\/strong>, koji je na rasporedu idu\u0107eg mjeseca u Rijeci. No, i ako ne bude tako, sezona 2025.\/2026. ostat \u0107e definitivno \u201ezlatnim slovima\u201d upisana u klupsku povijest FSV-a.<\/p>\n<p><strong>Kadetska ekipa (prvakinje Hrvatske) 2025.\/2026.<\/strong>: Mia Glomazi\u0107, Nera Suli\u0107, Petra Glomazi\u0107, Lana Pozder, Nika Udovi\u010di\u0107, Andrea Pavi\u0161i\u0107, Jelena Polovina, Franka Ribinski, Nina Berto\u0161a, Tia Andrijevi\u0107.<\/p>\n<p><strong>Juniorska ekipa (2. mjesto na Prvenstvu Hrvatske) 2025.\/2026<\/strong>.: Petra Glomazi\u0107, Maja D\u017eid\u017ei\u0107, Mia Glomazi\u0107, Mia Ratkovi\u0107, Lana Pozder, Nera Suli\u0107, Jelena Polovina, Jana Ver\u0161i\u0107, Nika Udovi\u010di\u0107, Petra Fabijani\u0107, Tia Andrijevi\u0107.<\/p>\n","protected":false},"excerpt":{"rendered":"<p>Iza \u017eenskog pogona Ko\u0161arka\u0161kog kluba FSV izuzetna je sezona, ispunjena brojnim uspjesima te ekipnim i klupskim titulama u mla\u0111im kategorijama. Posebno je odjeknuo naslov kadetskih dr\u017eavnih prvakinja, osvojen po\u010detkom travnja u Kraljevici, kada su FSV-ovke u neizvjesnom finalu svladale vr\u0161njakinje Splita. Malo je nedostajalo da veliki kadetski uspjeh ponove i juniorke, koje su sezonu zavr\u0161ile [&hellip;]<\/p>\n","protected":false},"author":2,"featured_media":5849,"comment_status":"open","ping_status":"open","sticky":false,"template":"","format":"standard","meta":{"footnotes":""},"categories":[28],"tags":[],"yoast_head":"<!-- This site is optimized with the Yoast SEO plugin v21.6 - https:\/\/yoast.com\/wordpress\/plugins\/seo\/ -->\n<title>Odli\u010dna sezona ko\u0161arka\u0161ica FSV-a - Ko\u0161arka\u0161ki savez PG\u017d<\/title>\n<meta name=\"description\" content=\"Iza \u017eenskog pogona Ko\u0161arka\u0161kog kluba FSV izuzetna je sezona, ispunjena brojnim uspjesima te ekipnim i klupskim titulama u mla\u0111im kategorijama.\" \/>\n<meta name=\"robots\" content=\"index, follow, max-snippet:-1, max-image-preview:large, max-video-preview:-1\" \/>\n<link rel=\"canonical\" href=\"https:\/\/kosarkapgz.com\/?p=5848\" \/>\n<meta property=\"og:locale\" content=\"hr_HR\" \/>\n<meta property=\"og:type\" content=\"article\" \/>\n<meta property=\"og:title\" content=\"Odli\u010dna sezona ko\u0161arka\u0161ica FSV-a - Ko\u0161arka\u0161ki savez PG\u017d\" \/>\n<meta property=\"og:description\" content=\"Iza \u017eenskog pogona Ko\u0161arka\u0161kog kluba FSV izuzetna je sezona, ispunjena brojnim uspjesima te ekipnim i klupskim titulama u mla\u0111im kategorijama.\" \/>\n<meta property=\"og:url\" content=\"https:\/\/kosarkapgz.com\/?p=5848\" \/>\n<meta property=\"og:site_name\" content=\"Ko\u0161arka\u0161ki savez PG\u017d\" \/>\n<meta property=\"article:published_time\" content=\"2026-04-28T16:03:46+00:00\" \/>\n<meta property=\"article:modified_time\" content=\"2026-04-28T16:06:01+00:00\" \/>\n<meta property=\"og:image\" content=\"http:\/\/kosarkapgz.com\/wp-content\/uploads\/2026\/04\/1436-kopi-2.jpg\" \/>\n\t<meta property=\"og:image:width\" content=\"1000\" \/>\n\t<meta property=\"og:image:height\" content=\"667\" \/>\n\t<meta property=\"og:image:type\" content=\"image\/jpeg\" \/>\n<meta name=\"author\" content=\"Boris Mio\u010di\u0107\" \/>\n<meta name=\"twitter:card\" content=\"summary_large_image\" \/>\n<meta name=\"twitter:label1\" content=\"Napisao\/la\" \/>\n\t<meta name=\"twitter:data1\" content=\"Boris Mio\u010di\u0107\" \/>\n\t<meta name=\"twitter:label2\" content=\"Procijenjeno vrijeme \u010ditanja\" \/>\n\t<meta name=\"twitter:data2\" content=\"5 minuta\" \/>\n<script type=\"application\/ld+json\" class=\"yoast-schema-graph\">{\"@context\":\"https:\/\/schema.org\",\"@graph\":[{\"@type\":\"Article\",\"@id\":\"https:\/\/kosarkapgz.com\/?p=5848#article\",\"isPartOf\":{\"@id\":\"https:\/\/kosarkapgz.com\/?p=5848\"},\"author\":{\"name\":\"Boris Mio\u010di\u0107\",\"@id\":\"https:\/\/kosarkapgz.com\/#\/schema\/person\/f878cc9b38309cd72f28148f517c6c1f\"},\"headline\":\"Odli\u010dna sezona ko\u0161arka\u0161ica FSV-a\",\"datePublished\":\"2026-04-28T16:03:46+00:00\",\"dateModified\":\"2026-04-28T16:06:01+00:00\",\"mainEntityOfPage\":{\"@id\":\"https:\/\/kosarkapgz.com\/?p=5848\"},\"wordCount\":772,\"commentCount\":0,\"publisher\":{\"@id\":\"https:\/\/kosarkapgz.com\/#organization\"},\"articleSection\":[\"Pri\u010da tjedna\"],\"inLanguage\":\"hr\",\"potentialAction\":[{\"@type\":\"CommentAction\",\"name\":\"Comment\",\"target\":[\"https:\/\/kosarkapgz.com\/?p=5848#respond\"]}]},{\"@type\":\"WebPage\",\"@id\":\"https:\/\/kosarkapgz.com\/?p=5848\",\"url\":\"https:\/\/kosarkapgz.com\/?p=5848\",\"name\":\"Odli\u010dna sezona ko\u0161arka\u0161ica FSV-a - Ko\u0161arka\u0161ki savez PG\u017d\",\"isPartOf\":{\"@id\":\"https:\/\/kosarkapgz.com\/#website\"},\"datePublished\":\"2026-04-28T16:03:46+00:00\",\"dateModified\":\"2026-04-28T16:06:01+00:00\",\"description\":\"Iza \u017eenskog pogona Ko\u0161arka\u0161kog kluba FSV izuzetna je sezona, ispunjena brojnim uspjesima te ekipnim i klupskim titulama u mla\u0111im kategorijama.\",\"breadcrumb\":{\"@id\":\"https:\/\/kosarkapgz.com\/?p=5848#breadcrumb\"},\"inLanguage\":\"hr\",\"potentialAction\":[{\"@type\":\"ReadAction\",\"target\":[\"https:\/\/kosarkapgz.com\/?p=5848\"]}]},{\"@type\":\"BreadcrumbList\",\"@id\":\"https:\/\/kosarkapgz.com\/?p=5848#breadcrumb\",\"itemListElement\":[{\"@type\":\"ListItem\",\"position\":1,\"name\":\"Home\",\"item\":\"https:\/\/kosarkapgz.com\/\"},{\"@type\":\"ListItem\",\"position\":2,\"name\":\"Odli\u010dna sezona ko\u0161arka\u0161ica FSV-a\"}]},{\"@type\":\"WebSite\",\"@id\":\"https:\/\/kosarkapgz.com\/#website\",\"url\":\"https:\/\/kosarkapgz.com\/\",\"name\":\"Ko\u0161arka\u0161ki savez PG\u017d\",\"description\":\"Slu\u017ebena stranica Ko\u0161arka\u0161kog saveza Primorsko - goranske \u017eupanije\",\"publisher\":{\"@id\":\"https:\/\/kosarkapgz.com\/#organization\"},\"alternateName\":\"Ko\u0161arkaPG\u017d\",\"potentialAction\":[{\"@type\":\"SearchAction\",\"target\":{\"@type\":\"EntryPoint\",\"urlTemplate\":\"https:\/\/kosarkapgz.com\/?s={search_term_string}\"},\"query-input\":\"required name=search_term_string\"}],\"inLanguage\":\"hr\"},{\"@type\":\"Organization\",\"@id\":\"https:\/\/kosarkapgz.com\/#organization\",\"name\":\"Ko\u0161arka\u0161ki savez PG\u017d\",\"url\":\"https:\/\/kosarkapgz.com\/\",\"logo\":{\"@type\":\"ImageObject\",\"inLanguage\":\"hr\",\"@id\":\"https:\/\/kosarkapgz.com\/#\/schema\/logo\/image\/\",\"url\":\"https:\/\/kosarkapgz.com\/wp-content\/uploads\/2023\/11\/kspgz_zastavica.jpg\",\"contentUrl\":\"https:\/\/kosarkapgz.com\/wp-content\/uploads\/2023\/11\/kspgz_zastavica.jpg\",\"width\":150,\"height\":189,\"caption\":\"Ko\u0161arka\u0161ki savez PG\u017d\"},\"image\":{\"@id\":\"https:\/\/kosarkapgz.com\/#\/schema\/logo\/image\/\"}},{\"@type\":\"Person\",\"@id\":\"https:\/\/kosarkapgz.com\/#\/schema\/person\/f878cc9b38309cd72f28148f517c6c1f\",\"name\":\"Boris Mio\u010di\u0107\",\"image\":{\"@type\":\"ImageObject\",\"inLanguage\":\"hr\",\"@id\":\"https:\/\/kosarkapgz.com\/#\/schema\/person\/image\/\",\"url\":\"https:\/\/secure.gravatar.com\/avatar\/8e3b056aa2299b01b1b1565a2e1c1bd7?s=96&d=mm&r=g\",\"contentUrl\":\"https:\/\/secure.gravatar.com\/avatar\/8e3b056aa2299b01b1b1565a2e1c1bd7?s=96&d=mm&r=g\",\"caption\":\"Boris Mio\u010di\u0107\"},\"url\":\"https:\/\/kosarkapgz.com\/?author=2\"}]}<\/script>\n<!-- \/ Yoast SEO plugin. -->","yoast_head_json":{"title":"Odli\u010dna sezona ko\u0161arka\u0161ica FSV-a - Ko\u0161arka\u0161ki savez PG\u017d","description":"Iza \u017eenskog pogona Ko\u0161arka\u0161kog kluba FSV izuzetna je sezona, ispunjena brojnim uspjesima te ekipnim i klupskim titulama u mla\u0111im kategorijama.","robots":{"index":"index","follow":"follow","max-snippet":"max-snippet:-1","max-image-preview":"max-image-preview:large","max-video-preview":"max-video-preview:-1"},"canonical":"https:\/\/kosarkapgz.com\/?p=5848","og_locale":"hr_HR","og_type":"article","og_title":"Odli\u010dna sezona ko\u0161arka\u0161ica FSV-a - Ko\u0161arka\u0161ki savez PG\u017d","og_description":"Iza \u017eenskog pogona Ko\u0161arka\u0161kog kluba FSV izuzetna je sezona, ispunjena brojnim uspjesima te ekipnim i klupskim titulama u mla\u0111im kategorijama.","og_url":"https:\/\/kosarkapgz.com\/?p=5848","og_site_name":"Ko\u0161arka\u0161ki savez PG\u017d","article_published_time":"2026-04-28T16:03:46+00:00","article_modified_time":"2026-04-28T16:06:01+00:00","og_image":[{"width":1000,"height":667,"url":"http:\/\/kosarkapgz.com\/wp-content\/uploads\/2026\/04\/1436-kopi-2.jpg","type":"image\/jpeg"}],"author":"Boris Mio\u010di\u0107","twitter_card":"summary_large_image","twitter_misc":{"Napisao\/la":"Boris Mio\u010di\u0107","Procijenjeno vrijeme \u010ditanja":"5 minuta"},"schema":{"@context":"https:\/\/schema.org","@graph":[{"@type":"Article","@id":"https:\/\/kosarkapgz.com\/?p=5848#article","isPartOf":{"@id":"https:\/\/kosarkapgz.com\/?p=5848"},"author":{"name":"Boris Mio\u010di\u0107","@id":"https:\/\/kosarkapgz.com\/#\/schema\/person\/f878cc9b38309cd72f28148f517c6c1f"},"headline":"Odli\u010dna sezona ko\u0161arka\u0161ica FSV-a","datePublished":"2026-04-28T16:03:46+00:00","dateModified":"2026-04-28T16:06:01+00:00","mainEntityOfPage":{"@id":"https:\/\/kosarkapgz.com\/?p=5848"},"wordCount":772,"commentCount":0,"publisher":{"@id":"https:\/\/kosarkapgz.com\/#organization"},"articleSection":["Pri\u010da tjedna"],"inLanguage":"hr","potentialAction":[{"@type":"CommentAction","name":"Comment","target":["https:\/\/kosarkapgz.com\/?p=5848#respond"]}]},{"@type":"WebPage","@id":"https:\/\/kosarkapgz.com\/?p=5848","url":"https:\/\/kosarkapgz.com\/?p=5848","name":"Odli\u010dna sezona ko\u0161arka\u0161ica FSV-a - Ko\u0161arka\u0161ki savez PG\u017d","isPartOf":{"@id":"https:\/\/kosarkapgz.com\/#website"},"datePublished":"2026-04-28T16:03:46+00:00","dateModified":"2026-04-28T16:06:01+00:00","description":"Iza \u017eenskog pogona Ko\u0161arka\u0161kog kluba FSV izuzetna je sezona, ispunjena brojnim uspjesima te ekipnim i klupskim titulama u mla\u0111im kategorijama.","breadcrumb":{"@id":"https:\/\/kosarkapgz.com\/?p=5848#breadcrumb"},"inLanguage":"hr","potentialAction":[{"@type":"ReadAction","target":["https:\/\/kosarkapgz.com\/?p=5848"]}]},{"@type":"BreadcrumbList","@id":"https:\/\/kosarkapgz.com\/?p=5848#breadcrumb","itemListElement":[{"@type":"ListItem","position":1,"name":"Home","item":"https:\/\/kosarkapgz.com\/"},{"@type":"ListItem","position":2,"name":"Odli\u010dna sezona ko\u0161arka\u0161ica FSV-a"}]},{"@type":"WebSite","@id":"https:\/\/kosarkapgz.com\/#website","url":"https:\/\/kosarkapgz.com\/","name":"Ko\u0161arka\u0161ki savez PG\u017d","description":"Slu\u017ebena stranica Ko\u0161arka\u0161kog saveza Primorsko - goranske \u017eupanije","publisher":{"@id":"https:\/\/kosarkapgz.com\/#organization"},"alternateName":"Ko\u0161arkaPG\u017d","potentialAction":[{"@type":"SearchAction","target":{"@type":"EntryPoint","urlTemplate":"https:\/\/kosarkapgz.com\/?s={search_term_string}"},"query-input":"required name=search_term_string"}],"inLanguage":"hr"},{"@type":"Organization","@id":"https:\/\/kosarkapgz.com\/#organization","name":"Ko\u0161arka\u0161ki savez PG\u017d","url":"https:\/\/kosarkapgz.com\/","logo":{"@type":"ImageObject","inLanguage":"hr","@id":"https:\/\/kosarkapgz.com\/#\/schema\/logo\/image\/","url":"https:\/\/kosarkapgz.com\/wp-content\/uploads\/2023\/11\/kspgz_zastavica.jpg","contentUrl":"https:\/\/kosarkapgz.com\/wp-content\/uploads\/2023\/11\/kspgz_zastavica.jpg","width":150,"height":189,"caption":"Ko\u0161arka\u0161ki savez PG\u017d"},"image":{"@id":"https:\/\/kosarkapgz.com\/#\/schema\/logo\/image\/"}},{"@type":"Person","@id":"https:\/\/kosarkapgz.com\/#\/schema\/person\/f878cc9b38309cd72f28148f517c6c1f","name":"Boris Mio\u010di\u0107","image":{"@type":"ImageObject","inLanguage":"hr","@id":"https:\/\/kosarkapgz.com\/#\/schema\/person\/image\/","url":"https:\/\/secure.gravatar.com\/avatar\/8e3b056aa2299b01b1b1565a2e1c1bd7?s=96&d=mm&r=g","contentUrl":"https:\/\/secure.gravatar.com\/avatar\/8e3b056aa2299b01b1b1565a2e1c1bd7?s=96&d=mm&r=g","caption":"Boris Mio\u010di\u0107"},"url":"https:\/\/kosarkapgz.com\/?author=2"}]}},"_links":{"self":[{"href":"https:\/\/kosarkapgz.com\/index.php?rest_route=\/wp\/v2\/posts\/5848"}],"collection":[{"href":"https:\/\/kosarkapgz.com\/index.php?rest_route=\/wp\/v2\/posts"}],"about":[{"href":"https:\/\/kosarkapgz.com\/index.php?rest_route=\/wp\/v2\/types\/post"}],"author":[{"embeddable":true,"href":"https:\/\/kosarkapgz.com\/index.php?rest_route=\/wp\/v2\/users\/2"}],"replies":[{"embeddable":true,"href":"https:\/\/kosarkapgz.com\/index.php?rest_route=%2Fwp%2Fv2%2Fcomments&post=5848"}],"version-history":[{"count":3,"href":"https:\/\/kosarkapgz.com\/index.php?rest_route=\/wp\/v2\/posts\/5848\/revisions"}],"predecessor-version":[{"id":5858,"href":"https:\/\/kosarkapgz.com\/index.php?rest_route=\/wp\/v2\/posts\/5848\/revisions\/5858"}],"wp:featuredmedia":[{"embeddable":true,"href":"https:\/\/kosarkapgz.com\/index.php?rest_route=\/wp\/v2\/media\/5849"}],"wp:attachment":[{"href":"https:\/\/kosarkapgz.com\/index.php?rest_route=%2Fwp%2Fv2%2Fmedia&parent=5848"}],"wp:term":[{"taxonomy":"category","embeddable":true,"href":"https:\/\/kosarkapgz.com\/index.php?rest_route=%2Fwp%2Fv2%2Fcategories&post=5848"},{"taxonomy":"post_tag","embeddable":true,"href":"https:\/\/kosarkapgz.com\/index.php?rest_route=%2Fwp%2Fv2%2Ftags&post=5848"}],"curies":[{"name":"wp","href":"https:\/\/api.w.org\/{rel}","templated":true}]}}