{"id":4212,"date":"2025-06-20T12:13:57","date_gmt":"2025-06-20T10:13:57","guid":{"rendered":"https:\/\/kosarkapgz.com\/?p=4212"},"modified":"2025-06-20T12:21:06","modified_gmt":"2025-06-20T10:21:06","slug":"kosarkaski-savez-grada-rijeke-organizira-ljetni-petodnevni-kamp","status":"publish","type":"post","link":"https:\/\/kosarkapgz.com\/?p=4212","title":{"rendered":"Ko\u0161arka\u0161ki savez grada Rijeke organizira ljetni petodnevni kamp"},"content":{"rendered":"<p><strong>Ko\u0161arka\u0161ki savez grada Rijeke<\/strong> i ovoga \u0107e ljeta mladim igra\u010dima omogu\u0107iti aktivne ljetne praznike, i to zahvaljuju\u0107i specijaliziranom ko\u0161arka\u0161kom kampu za dje\u010dake u dobnim kategorijama U11 i U13, koji \u0107e se od 14. do 18. srpnja odr\u017eati u <strong>SRC 3. maj<\/strong> na Kantridi.<\/p>\n<p>Kamp je namijenjen dje\u010dacima ro\u0111enima od 2012.- 2014. godine (U13) i onima ro\u0111enima 2015.-2017. (U11). Sudionike o\u010dekuje pet dana intenzivnog treninga pod stru\u010dnim vodstvom iskusnih ko\u0161arka\u0161kih stru\u010dnjaka. Stru\u010dni tim kampa \u010dine direktor <strong>Goran Lon\u010dar<\/strong>, zamjenik direktora <strong>Antonijo Jurkovi\u0107<\/strong> te treneri <strong>Sanjin Mandeki\u0107<\/strong> i <strong>Dorian Filipovi\u0107<\/strong>.<\/p>\n<p>Uz profesionalne treninge, polaznici \u0107e dobiti kompletnu sportsku opremu te osiguran topli obrok, sok i desert. Cijena kampa iznosi 140 eura.<\/p>\n<p>Prijave i informacije na broj <strong>091 298 5138<\/strong> ili mailom: <strong>sanjin@ksri.hr<\/strong>.<\/p>\n<p>Broj mjesta je ograni\u010den, pa organizatori zbog velikog zanimanja mole roditelje za pravovremenu prijavu.<\/p>\n<p><strong>Raspored aktivnosti<\/strong>:<\/p>\n<p>7.30 (okupljanje)<\/p>\n<p>16:30 (zavr\u0161etak)<\/p>\n<p>8:30 &#8211; 10:30 (jutarnji trening)<\/p>\n<p>14:00 &#8211; 16:00 (popodnevni trening)<\/p>\n<p>natjecanja i igre, aktivnosti u moru (program izme\u0111u treninga)<\/p>\n","protected":false},"excerpt":{"rendered":"<p>Ko\u0161arka\u0161ki savez grada Rijeke i ovoga \u0107e ljeta mladim igra\u010dima omogu\u0107iti aktivne ljetne praznike, i to zahvaljuju\u0107i specijaliziranom ko\u0161arka\u0161kom kampu za dje\u010dake u dobnim kategorijama U11 i U13, koji \u0107e se od 14. do 18. srpnja odr\u017eati u SRC 3. maj na Kantridi. Kamp je namijenjen dje\u010dacima ro\u0111enima od 2012.- 2014. godine (U13) i onima [&hellip;]<\/p>\n","protected":false},"author":1,"featured_media":4214,"comment_status":"open","ping_status":"open","sticky":false,"template":"","format":"standard","meta":{"footnotes":""},"categories":[1],"tags":[],"yoast_head":"<!-- This site is optimized with the Yoast SEO plugin v21.6 - https:\/\/yoast.com\/wordpress\/plugins\/seo\/ -->\n<title>Ko\u0161arka\u0161ki savez grada Rijeke organizira ljetni petodnevni kamp - Ko\u0161arka\u0161ki savez PG\u017d<\/title>\n<meta name=\"description\" content=\"Ko\u0161arka\u0161ki savez grada Rijeke i ovoga \u0107e ljeta mladim igra\u010dima omogu\u0107iti aktivne ljetne praznike, i to zahvaljuju\u0107i specijaliziranom ko\u0161arka\u0161kom kampu za dje\u010dake u dobnim kategorijama U11 i U13, koji \u0107e se od 14. do 18. srpnja odr\u017eati u SRC 3. maj na Kantridi.\" \/>\n<meta name=\"robots\" content=\"index, follow, max-snippet:-1, max-image-preview:large, max-video-preview:-1\" \/>\n<link rel=\"canonical\" href=\"https:\/\/kosarkapgz.com\/?p=4212\" \/>\n<meta property=\"og:locale\" content=\"hr_HR\" \/>\n<meta property=\"og:type\" content=\"article\" \/>\n<meta property=\"og:title\" content=\"Ko\u0161arka\u0161ki savez grada Rijeke organizira ljetni petodnevni kamp - Ko\u0161arka\u0161ki savez PG\u017d\" \/>\n<meta property=\"og:description\" content=\"Ko\u0161arka\u0161ki savez grada Rijeke i ovoga \u0107e ljeta mladim igra\u010dima omogu\u0107iti aktivne ljetne praznike, i to zahvaljuju\u0107i specijaliziranom ko\u0161arka\u0161kom kampu za dje\u010dake u dobnim kategorijama U11 i U13, koji \u0107e se od 14. do 18. srpnja odr\u017eati u SRC 3. maj na Kantridi.\" \/>\n<meta property=\"og:url\" content=\"https:\/\/kosarkapgz.com\/?p=4212\" \/>\n<meta property=\"og:site_name\" content=\"Ko\u0161arka\u0161ki savez PG\u017d\" \/>\n<meta property=\"article:published_time\" content=\"2025-06-20T10:13:57+00:00\" \/>\n<meta property=\"article:modified_time\" content=\"2025-06-20T10:21:06+00:00\" \/>\n<meta property=\"og:image\" content=\"http:\/\/kosarkapgz.com\/wp-content\/uploads\/2025\/06\/a-a-aab-120-kopi.jpg\" \/>\n\t<meta property=\"og:image:width\" content=\"1000\" \/>\n\t<meta property=\"og:image:height\" content=\"1333\" \/>\n\t<meta property=\"og:image:type\" content=\"image\/jpeg\" \/>\n<meta name=\"author\" content=\"kosarkapgz.com\" \/>\n<meta name=\"twitter:card\" content=\"summary_large_image\" \/>\n<meta name=\"twitter:label1\" content=\"Napisao\/la\" \/>\n\t<meta name=\"twitter:data1\" content=\"kosarkapgz.com\" \/>\n\t<meta name=\"twitter:label2\" content=\"Procijenjeno vrijeme \u010ditanja\" \/>\n\t<meta name=\"twitter:data2\" content=\"1 minuta\" \/>\n<script type=\"application\/ld+json\" class=\"yoast-schema-graph\">{\"@context\":\"https:\/\/schema.org\",\"@graph\":[{\"@type\":\"Article\",\"@id\":\"https:\/\/kosarkapgz.com\/?p=4212#article\",\"isPartOf\":{\"@id\":\"https:\/\/kosarkapgz.com\/?p=4212\"},\"author\":{\"name\":\"kosarkapgz.com\",\"@id\":\"https:\/\/kosarkapgz.com\/#\/schema\/person\/c69ce81411ba0000f2b5ba4f71a43081\"},\"headline\":\"Ko\u0161arka\u0161ki savez grada Rijeke organizira ljetni petodnevni kamp\",\"datePublished\":\"2025-06-20T10:13:57+00:00\",\"dateModified\":\"2025-06-20T10:21:06+00:00\",\"mainEntityOfPage\":{\"@id\":\"https:\/\/kosarkapgz.com\/?p=4212\"},\"wordCount\":179,\"commentCount\":0,\"publisher\":{\"@id\":\"https:\/\/kosarkapgz.com\/#organization\"},\"articleSection\":[\"Novosti\"],\"inLanguage\":\"hr\",\"potentialAction\":[{\"@type\":\"CommentAction\",\"name\":\"Comment\",\"target\":[\"https:\/\/kosarkapgz.com\/?p=4212#respond\"]}]},{\"@type\":\"WebPage\",\"@id\":\"https:\/\/kosarkapgz.com\/?p=4212\",\"url\":\"https:\/\/kosarkapgz.com\/?p=4212\",\"name\":\"Ko\u0161arka\u0161ki savez grada Rijeke organizira ljetni petodnevni kamp - Ko\u0161arka\u0161ki savez PG\u017d\",\"isPartOf\":{\"@id\":\"https:\/\/kosarkapgz.com\/#website\"},\"datePublished\":\"2025-06-20T10:13:57+00:00\",\"dateModified\":\"2025-06-20T10:21:06+00:00\",\"description\":\"Ko\u0161arka\u0161ki savez grada Rijeke i ovoga \u0107e ljeta mladim igra\u010dima omogu\u0107iti aktivne ljetne praznike, i to zahvaljuju\u0107i specijaliziranom ko\u0161arka\u0161kom kampu za dje\u010dake u dobnim kategorijama U11 i U13, koji \u0107e se od 14. do 18. srpnja odr\u017eati u SRC 3. maj na Kantridi.\",\"breadcrumb\":{\"@id\":\"https:\/\/kosarkapgz.com\/?p=4212#breadcrumb\"},\"inLanguage\":\"hr\",\"potentialAction\":[{\"@type\":\"ReadAction\",\"target\":[\"https:\/\/kosarkapgz.com\/?p=4212\"]}]},{\"@type\":\"BreadcrumbList\",\"@id\":\"https:\/\/kosarkapgz.com\/?p=4212#breadcrumb\",\"itemListElement\":[{\"@type\":\"ListItem\",\"position\":1,\"name\":\"Home\",\"item\":\"https:\/\/kosarkapgz.com\/\"},{\"@type\":\"ListItem\",\"position\":2,\"name\":\"Ko\u0161arka\u0161ki savez grada Rijeke organizira ljetni petodnevni kamp\"}]},{\"@type\":\"WebSite\",\"@id\":\"https:\/\/kosarkapgz.com\/#website\",\"url\":\"https:\/\/kosarkapgz.com\/\",\"name\":\"Ko\u0161arka\u0161ki savez PG\u017d\",\"description\":\"Slu\u017ebena stranica Ko\u0161arka\u0161kog saveza Primorsko - goranske \u017eupanije\",\"publisher\":{\"@id\":\"https:\/\/kosarkapgz.com\/#organization\"},\"alternateName\":\"Ko\u0161arkaPG\u017d\",\"potentialAction\":[{\"@type\":\"SearchAction\",\"target\":{\"@type\":\"EntryPoint\",\"urlTemplate\":\"https:\/\/kosarkapgz.com\/?s={search_term_string}\"},\"query-input\":\"required name=search_term_string\"}],\"inLanguage\":\"hr\"},{\"@type\":\"Organization\",\"@id\":\"https:\/\/kosarkapgz.com\/#organization\",\"name\":\"Ko\u0161arka\u0161ki savez PG\u017d\",\"url\":\"https:\/\/kosarkapgz.com\/\",\"logo\":{\"@type\":\"ImageObject\",\"inLanguage\":\"hr\",\"@id\":\"https:\/\/kosarkapgz.com\/#\/schema\/logo\/image\/\",\"url\":\"https:\/\/kosarkapgz.com\/wp-content\/uploads\/2023\/11\/kspgz_zastavica.jpg\",\"contentUrl\":\"https:\/\/kosarkapgz.com\/wp-content\/uploads\/2023\/11\/kspgz_zastavica.jpg\",\"width\":150,\"height\":189,\"caption\":\"Ko\u0161arka\u0161ki savez PG\u017d\"},\"image\":{\"@id\":\"https:\/\/kosarkapgz.com\/#\/schema\/logo\/image\/\"}},{\"@type\":\"Person\",\"@id\":\"https:\/\/kosarkapgz.com\/#\/schema\/person\/c69ce81411ba0000f2b5ba4f71a43081\",\"name\":\"kosarkapgz.com\",\"image\":{\"@type\":\"ImageObject\",\"inLanguage\":\"hr\",\"@id\":\"https:\/\/kosarkapgz.com\/#\/schema\/person\/image\/\",\"url\":\"https:\/\/secure.gravatar.com\/avatar\/1e45c95a66ab910c082b1f63c8b79087?s=96&d=mm&r=g\",\"contentUrl\":\"https:\/\/secure.gravatar.com\/avatar\/1e45c95a66ab910c082b1f63c8b79087?s=96&d=mm&r=g\",\"caption\":\"kosarkapgz.com\"},\"sameAs\":[\"http:\/\/kosarkapgz.com\"],\"url\":\"https:\/\/kosarkapgz.com\/?author=1\"}]}<\/script>\n<!-- \/ Yoast SEO plugin. -->","yoast_head_json":{"title":"Ko\u0161arka\u0161ki savez grada Rijeke organizira ljetni petodnevni kamp - Ko\u0161arka\u0161ki savez PG\u017d","description":"Ko\u0161arka\u0161ki savez grada Rijeke i ovoga \u0107e ljeta mladim igra\u010dima omogu\u0107iti aktivne ljetne praznike, i to zahvaljuju\u0107i specijaliziranom ko\u0161arka\u0161kom kampu za dje\u010dake u dobnim kategorijama U11 i U13, koji \u0107e se od 14. do 18. srpnja odr\u017eati u SRC 3. maj na Kantridi.","robots":{"index":"index","follow":"follow","max-snippet":"max-snippet:-1","max-image-preview":"max-image-preview:large","max-video-preview":"max-video-preview:-1"},"canonical":"https:\/\/kosarkapgz.com\/?p=4212","og_locale":"hr_HR","og_type":"article","og_title":"Ko\u0161arka\u0161ki savez grada Rijeke organizira ljetni petodnevni kamp - Ko\u0161arka\u0161ki savez PG\u017d","og_description":"Ko\u0161arka\u0161ki savez grada Rijeke i ovoga \u0107e ljeta mladim igra\u010dima omogu\u0107iti aktivne ljetne praznike, i to zahvaljuju\u0107i specijaliziranom ko\u0161arka\u0161kom kampu za dje\u010dake u dobnim kategorijama U11 i U13, koji \u0107e se od 14. do 18. srpnja odr\u017eati u SRC 3. maj na Kantridi.","og_url":"https:\/\/kosarkapgz.com\/?p=4212","og_site_name":"Ko\u0161arka\u0161ki savez PG\u017d","article_published_time":"2025-06-20T10:13:57+00:00","article_modified_time":"2025-06-20T10:21:06+00:00","og_image":[{"width":1000,"height":1333,"url":"http:\/\/kosarkapgz.com\/wp-content\/uploads\/2025\/06\/a-a-aab-120-kopi.jpg","type":"image\/jpeg"}],"author":"kosarkapgz.com","twitter_card":"summary_large_image","twitter_misc":{"Napisao\/la":"kosarkapgz.com","Procijenjeno vrijeme \u010ditanja":"1 minuta"},"schema":{"@context":"https:\/\/schema.org","@graph":[{"@type":"Article","@id":"https:\/\/kosarkapgz.com\/?p=4212#article","isPartOf":{"@id":"https:\/\/kosarkapgz.com\/?p=4212"},"author":{"name":"kosarkapgz.com","@id":"https:\/\/kosarkapgz.com\/#\/schema\/person\/c69ce81411ba0000f2b5ba4f71a43081"},"headline":"Ko\u0161arka\u0161ki savez grada Rijeke organizira ljetni petodnevni kamp","datePublished":"2025-06-20T10:13:57+00:00","dateModified":"2025-06-20T10:21:06+00:00","mainEntityOfPage":{"@id":"https:\/\/kosarkapgz.com\/?p=4212"},"wordCount":179,"commentCount":0,"publisher":{"@id":"https:\/\/kosarkapgz.com\/#organization"},"articleSection":["Novosti"],"inLanguage":"hr","potentialAction":[{"@type":"CommentAction","name":"Comment","target":["https:\/\/kosarkapgz.com\/?p=4212#respond"]}]},{"@type":"WebPage","@id":"https:\/\/kosarkapgz.com\/?p=4212","url":"https:\/\/kosarkapgz.com\/?p=4212","name":"Ko\u0161arka\u0161ki savez grada Rijeke organizira ljetni petodnevni kamp - Ko\u0161arka\u0161ki savez PG\u017d","isPartOf":{"@id":"https:\/\/kosarkapgz.com\/#website"},"datePublished":"2025-06-20T10:13:57+00:00","dateModified":"2025-06-20T10:21:06+00:00","description":"Ko\u0161arka\u0161ki savez grada Rijeke i ovoga \u0107e ljeta mladim igra\u010dima omogu\u0107iti aktivne ljetne praznike, i to zahvaljuju\u0107i specijaliziranom ko\u0161arka\u0161kom kampu za dje\u010dake u dobnim kategorijama U11 i U13, koji \u0107e se od 14. do 18. srpnja odr\u017eati u SRC 3. maj na Kantridi.","breadcrumb":{"@id":"https:\/\/kosarkapgz.com\/?p=4212#breadcrumb"},"inLanguage":"hr","potentialAction":[{"@type":"ReadAction","target":["https:\/\/kosarkapgz.com\/?p=4212"]}]},{"@type":"BreadcrumbList","@id":"https:\/\/kosarkapgz.com\/?p=4212#breadcrumb","itemListElement":[{"@type":"ListItem","position":1,"name":"Home","item":"https:\/\/kosarkapgz.com\/"},{"@type":"ListItem","position":2,"name":"Ko\u0161arka\u0161ki savez grada Rijeke organizira ljetni petodnevni kamp"}]},{"@type":"WebSite","@id":"https:\/\/kosarkapgz.com\/#website","url":"https:\/\/kosarkapgz.com\/","name":"Ko\u0161arka\u0161ki savez PG\u017d","description":"Slu\u017ebena stranica Ko\u0161arka\u0161kog saveza Primorsko - goranske \u017eupanije","publisher":{"@id":"https:\/\/kosarkapgz.com\/#organization"},"alternateName":"Ko\u0161arkaPG\u017d","potentialAction":[{"@type":"SearchAction","target":{"@type":"EntryPoint","urlTemplate":"https:\/\/kosarkapgz.com\/?s={search_term_string}"},"query-input":"required name=search_term_string"}],"inLanguage":"hr"},{"@type":"Organization","@id":"https:\/\/kosarkapgz.com\/#organization","name":"Ko\u0161arka\u0161ki savez PG\u017d","url":"https:\/\/kosarkapgz.com\/","logo":{"@type":"ImageObject","inLanguage":"hr","@id":"https:\/\/kosarkapgz.com\/#\/schema\/logo\/image\/","url":"https:\/\/kosarkapgz.com\/wp-content\/uploads\/2023\/11\/kspgz_zastavica.jpg","contentUrl":"https:\/\/kosarkapgz.com\/wp-content\/uploads\/2023\/11\/kspgz_zastavica.jpg","width":150,"height":189,"caption":"Ko\u0161arka\u0161ki savez PG\u017d"},"image":{"@id":"https:\/\/kosarkapgz.com\/#\/schema\/logo\/image\/"}},{"@type":"Person","@id":"https:\/\/kosarkapgz.com\/#\/schema\/person\/c69ce81411ba0000f2b5ba4f71a43081","name":"kosarkapgz.com","image":{"@type":"ImageObject","inLanguage":"hr","@id":"https:\/\/kosarkapgz.com\/#\/schema\/person\/image\/","url":"https:\/\/secure.gravatar.com\/avatar\/1e45c95a66ab910c082b1f63c8b79087?s=96&d=mm&r=g","contentUrl":"https:\/\/secure.gravatar.com\/avatar\/1e45c95a66ab910c082b1f63c8b79087?s=96&d=mm&r=g","caption":"kosarkapgz.com"},"sameAs":["http:\/\/kosarkapgz.com"],"url":"https:\/\/kosarkapgz.com\/?author=1"}]}},"_links":{"self":[{"href":"https:\/\/kosarkapgz.com\/index.php?rest_route=\/wp\/v2\/posts\/4212"}],"collection":[{"href":"https:\/\/kosarkapgz.com\/index.php?rest_route=\/wp\/v2\/posts"}],"about":[{"href":"https:\/\/kosarkapgz.com\/index.php?rest_route=\/wp\/v2\/types\/post"}],"author":[{"embeddable":true,"href":"https:\/\/kosarkapgz.com\/index.php?rest_route=\/wp\/v2\/users\/1"}],"replies":[{"embeddable":true,"href":"https:\/\/kosarkapgz.com\/index.php?rest_route=%2Fwp%2Fv2%2Fcomments&post=4212"}],"version-history":[{"count":4,"href":"https:\/\/kosarkapgz.com\/index.php?rest_route=\/wp\/v2\/posts\/4212\/revisions"}],"predecessor-version":[{"id":4218,"href":"https:\/\/kosarkapgz.com\/index.php?rest_route=\/wp\/v2\/posts\/4212\/revisions\/4218"}],"wp:featuredmedia":[{"embeddable":true,"href":"https:\/\/kosarkapgz.com\/index.php?rest_route=\/wp\/v2\/media\/4214"}],"wp:attachment":[{"href":"https:\/\/kosarkapgz.com\/index.php?rest_route=%2Fwp%2Fv2%2Fmedia&parent=4212"}],"wp:term":[{"taxonomy":"category","embeddable":true,"href":"https:\/\/kosarkapgz.com\/index.php?rest_route=%2Fwp%2Fv2%2Fcategories&post=4212"},{"taxonomy":"post_tag","embeddable":true,"href":"https:\/\/kosarkapgz.com\/index.php?rest_route=%2Fwp%2Fv2%2Ftags&post=4212"}],"curies":[{"name":"wp","href":"https:\/\/api.w.org\/{rel}","templated":true}]}}