{"id":4204,"date":"2025-06-13T00:16:40","date_gmt":"2025-06-12T22:16:40","guid":{"rendered":"https:\/\/kosarkapgz.com\/?p=4204"},"modified":"2025-06-13T00:17:59","modified_gmt":"2025-06-12T22:17:59","slug":"u-fsv-u-slozili-trenersku-i-igracku-krizaljku-za-novu-sezonu","status":"publish","type":"post","link":"https:\/\/kosarkapgz.com\/?p=4204","title":{"rendered":"U FSV-u slo\u017eili trenersku i igra\u010dku kri\u017ealjku za novu sezonu"},"content":{"rendered":"<p>Iza ko\u0161arka\u0161ica <strong>FSV-a<\/strong> rezultatski je vrlo dobra sezona, u kojoj su se jedine premijerliga\u0161ice s podru\u010dja Primorsko-goranske \u017eupanije plasirale u sredinu ljestvice. No, u klubu su procijenili kako je vrijeme za nova imena i kadrovska osvje\u017eenja na klupi i u igra\u010dkom rosteru. Tako \u0107e umjesto dosada\u0161njeg trenera seniorske ekipe <strong>Teddyja Dela\u010da<\/strong> u novoj sezoni kormilo preuzeti <strong>Davor Tadej<\/strong>, dok \u0107e mu pomo\u0107nica biti dosada\u0161nja igra\u010dica i jedno od najpoznatijih imena rije\u010dke \u017eenske ko\u0161arke <strong>Barbara Peri\u0107<\/strong>. Poja\u010danje na klupi stiglo je i u mla\u0111e kategorije koje \u0107e preuzeti <strong>Jadranko Smojver<\/strong>, tako\u0111er veliko rije\u010dko ko\u0161arka\u0161ko ime koje gotovo da ne treba posebno predstavljati.<\/p>\n<figure id=\"attachment_4208\" aria-describedby=\"caption-attachment-4208\" style=\"width: 1000px\" class=\"wp-caption alignnone\"><img loading=\"lazy\" decoding=\"async\" class=\"size-full wp-image-4208\" src=\"http:\/\/kosarkapgz.com\/wp-content\/uploads\/2025\/06\/a-a-aab-986-kopi.jpg\" alt=\"\" width=\"1000\" height=\"667\" srcset=\"https:\/\/kosarkapgz.com\/wp-content\/uploads\/2025\/06\/a-a-aab-986-kopi.jpg 1000w, https:\/\/kosarkapgz.com\/wp-content\/uploads\/2025\/06\/a-a-aab-986-kopi-300x200.jpg 300w, https:\/\/kosarkapgz.com\/wp-content\/uploads\/2025\/06\/a-a-aab-986-kopi-768x512.jpg 768w\" sizes=\"(max-width: 1000px) 100vw, 1000px\" \/><figcaption id=\"caption-attachment-4208\" class=\"wp-caption-text\">Davor Tadej, Emil Balti\u0107, Jadranko Smojver (s lijeva)<\/figcaption><\/figure>\n<p>-\u017delim se zahvaliti dosada\u0161njem treneru Dela\u010du, koji je svojim kvalitetnim radom ostavio veliki trag u na\u0161em klubu. Osim dosada\u0161nje kapetanice <strong>Ivone Kraki\u0107<\/strong>, ostali smo bez <strong>Josipe Tuftan<\/strong> koja je zavr\u0161ila igra\u010dku karijeru, a vjerojatno i organizatorice igre <strong>Line Strili\u0107<\/strong>, koja ima bogatije ponude nekoliko klubova te <strong>Etne Rexhepi<\/strong>, s kojom dodu\u0161e jo\u0161 uvijek pregovaramo. Velika poja\u010danja predstavljat \u0107e nam iskusna <strong>Anja Majstorovi\u0107 Konjevi\u0107<\/strong> koja se nakon du\u017ee stanke vra\u0107a ko\u0161arci, za sada kao igra\u010dica, a kasnije vjerojatno i kao trenerica u mla\u0111im kategorijama te <strong>Marijana Zukanovi\u0107<\/strong>, 190 centimetara visoki centar koja dolazi iz suboti\u010dkog Spartaka. Uz va\u017enu ulogu predvodnice na parketu, Mia Ma\u0161i\u0107 obna\u0161at \u0107e ulogu moje pomo\u0107nice, a od idu\u0107e sezone vjerojatno preuzeti tu funkciju, istaknuo je sportski direktor FSV-a <strong>Emil Balti\u0107<\/strong>, naglasiv\u0161i smjer kluba u idu\u0107em periodu.<\/p>\n<figure id=\"attachment_4209\" aria-describedby=\"caption-attachment-4209\" style=\"width: 1000px\" class=\"wp-caption alignnone\"><img loading=\"lazy\" decoding=\"async\" class=\"size-full wp-image-4209\" src=\"http:\/\/kosarkapgz.com\/wp-content\/uploads\/2025\/06\/a-a-aab-982-kopi.jpg\" alt=\"\" width=\"1000\" height=\"667\" srcset=\"https:\/\/kosarkapgz.com\/wp-content\/uploads\/2025\/06\/a-a-aab-982-kopi.jpg 1000w, https:\/\/kosarkapgz.com\/wp-content\/uploads\/2025\/06\/a-a-aab-982-kopi-300x200.jpg 300w, https:\/\/kosarkapgz.com\/wp-content\/uploads\/2025\/06\/a-a-aab-982-kopi-768x512.jpg 768w\" sizes=\"(max-width: 1000px) 100vw, 1000px\" \/><figcaption id=\"caption-attachment-4209\" class=\"wp-caption-text\">Dorotea Brandi\u0107 (KK FSV &#8211; bijeli dres)<\/figcaption><\/figure>\n<p>-Ove sezone dat \u0107emo pravu priliku na\u0161im mladim i perspektivnim igra\u010dicama poput <strong>Mije<\/strong> i <strong>Petre Glomazi\u0107<\/strong> ili <strong>Lane Pozder<\/strong>, koje su i pro\u0161le sezone ve\u0107 osjetile premijerliga\u0161ko okru\u017eenje, no sada \u0107e preuzeti puno va\u017enije uloge u igri. Puno o\u010dekujemo i od <strong>Lejle Kudi\u0107<\/strong>, <strong>Maje \u0110idi\u0107<\/strong>, <strong>Mije Ratkovi\u0107<\/strong> te ostalih mla\u0111ih igra\u010dica.<\/p>\n<p>Medijima se po prvi puta u ulozi glavnog trenera FSV-a obratio <strong>Davor Tadej<\/strong>, 51-godi\u0161nji ko\u0161arka\u0161ki stru\u010dnjak koji je u dosada\u0161njoj karijeri radio na brojnim adresama. Najpoznatiji je po dugogodi\u0161njem radu u Akademiji Nikole Vuj\u010di\u0107a, ali i anga\u017emanima u \u017eenskim mla\u0111im kategorijama te individualnom radu s danas poznatim imenima poput kapetanice \u017eenske seniorske reprezentacije <strong>Andrijane Cvitkovi\u0107<\/strong>.<\/p>\n<p><img loading=\"lazy\" decoding=\"async\" class=\"alignnone size-full wp-image-4210\" src=\"http:\/\/kosarkapgz.com\/wp-content\/uploads\/2025\/06\/a-a-aab-999-kopi.jpg\" alt=\"\" width=\"1000\" height=\"667\" srcset=\"https:\/\/kosarkapgz.com\/wp-content\/uploads\/2025\/06\/a-a-aab-999-kopi.jpg 1000w, https:\/\/kosarkapgz.com\/wp-content\/uploads\/2025\/06\/a-a-aab-999-kopi-300x200.jpg 300w, https:\/\/kosarkapgz.com\/wp-content\/uploads\/2025\/06\/a-a-aab-999-kopi-768x512.jpg 768w\" sizes=\"(max-width: 1000px) 100vw, 1000px\" \/><\/p>\n<p>-Pripremamo novi razvojni program u kojem \u0107e svoje istaknuto mjesto dobiti mlade igra\u010dice, no one \u0107e to morati zaslu\u017eiti svojim odnosom prema radu i sportskim obavezama. <strong>Trenutno imamo \u010detiri igra\u010dice na \u0161irem popisu kadetske reprezentacije i jo\u0161 dvije talentirane djevojke ro\u0111ene 2010. godine te nekoliko igra\u010dica koje su jako blizu pozivu u juniorsku selekciju, \u0161to pokazuje \u0161irinu i igra\u010dku perspektivu s kojom raspola\u017eemo<\/strong>. Naravno da \u017eelimo \u0161to bolji plasman u prvenstvu, no nismo optere\u0107eni time, \u017eelimo da uz mentorstvo najiskusnijih igra\u010dica Mije Ma\u0161i\u0107 i Anje Majstorovi\u0107 Konjevi\u0107 razvijemo na\u0161e mlade snage, naglasio je u svom uvodnom obra\u0107anju Tadej.<\/p>\n<p>-Veseli me rad s mojim nekada\u0161njim trenerom Tadejom. <strong>Mislim da je sad pravo vrijeme da damo \u0161ansu mladim igra\u010dicama, jer tu je jako puno talentiranih cura koje ubrzo mogu biti nositeljice rije\u010dke \u017eenske ko\u0161arke<\/strong>, rekla je Tadejeva pomo\u0107nica <strong>Barbara Peri\u0107<\/strong>.<\/p>\n<p>-Puno bolje poznajem mu\u0161ku ko\u0161arku, pa je anga\u017eman u \u017eenskoj konkurenciji za mene novitet. <strong>Moj prvi cilj bit \u0107e da \u0161to vi\u0161e djevoj\u010dica dovedemo u dvoranu i \u201ezaljubimo\u201d u ko\u0161arku<\/strong>, jer na\u017ealost, ne mo\u017eemo se pohvaliti velikim brojem djece u dvoranama, a pogotovo na vanjskim ko\u0161arka\u0161kim terenima, kazao je <strong>Jadranko Smojver<\/strong>.<\/p>\n<p>U klubu su informirali kako \u0107e u novoj sezoni formirati drugu ekipu, koja \u0107e nu\u017eno potrebno igra\u010dko iskustvo stjecati u Prvoj B ligi pod imenom <strong>Rije\u010danka<\/strong>.<\/p>\n","protected":false},"excerpt":{"rendered":"<p>Iza ko\u0161arka\u0161ica FSV-a rezultatski je vrlo dobra sezona, u kojoj su se jedine premijerliga\u0161ice s podru\u010dja Primorsko-goranske \u017eupanije plasirale u sredinu ljestvice. No, u klubu su procijenili kako je vrijeme za nova imena i kadrovska osvje\u017eenja na klupi i u igra\u010dkom rosteru. Tako \u0107e umjesto dosada\u0161njeg trenera seniorske ekipe Teddyja Dela\u010da u novoj sezoni kormilo [&hellip;]<\/p>\n","protected":false},"author":1,"featured_media":4206,"comment_status":"open","ping_status":"open","sticky":false,"template":"","format":"standard","meta":{"footnotes":""},"categories":[1],"tags":[],"yoast_head":"<!-- This site is optimized with the Yoast SEO plugin v21.6 - https:\/\/yoast.com\/wordpress\/plugins\/seo\/ -->\n<title>U FSV-u slo\u017eili trenersku i igra\u010dku kri\u017ealjku za novu sezonu - Ko\u0161arka\u0161ki savez PG\u017d<\/title>\n<meta name=\"description\" content=\"Iza ko\u0161arka\u0161ica FSV-a rezultatski je vrlo dobra sezona, u kojoj su se jedine premijerliga\u0161ice s podru\u010dja Primorsko-goranske \u017eupanije plasirale u sredinu ljestvice.\" \/>\n<meta name=\"robots\" content=\"index, follow, max-snippet:-1, max-image-preview:large, max-video-preview:-1\" \/>\n<link rel=\"canonical\" href=\"https:\/\/kosarkapgz.com\/?p=4204\" \/>\n<meta property=\"og:locale\" content=\"hr_HR\" \/>\n<meta property=\"og:type\" content=\"article\" \/>\n<meta property=\"og:title\" content=\"U FSV-u slo\u017eili trenersku i igra\u010dku kri\u017ealjku za novu sezonu - Ko\u0161arka\u0161ki savez PG\u017d\" \/>\n<meta property=\"og:description\" content=\"Iza ko\u0161arka\u0161ica FSV-a rezultatski je vrlo dobra sezona, u kojoj su se jedine premijerliga\u0161ice s podru\u010dja Primorsko-goranske \u017eupanije plasirale u sredinu ljestvice.\" \/>\n<meta property=\"og:url\" content=\"https:\/\/kosarkapgz.com\/?p=4204\" \/>\n<meta property=\"og:site_name\" content=\"Ko\u0161arka\u0161ki savez PG\u017d\" \/>\n<meta property=\"article:published_time\" content=\"2025-06-12T22:16:40+00:00\" \/>\n<meta property=\"article:modified_time\" content=\"2025-06-12T22:17:59+00:00\" \/>\n<meta property=\"og:image\" content=\"http:\/\/kosarkapgz.com\/wp-content\/uploads\/2025\/06\/a-a-aab-985-kopi-kopi.jpg\" \/>\n\t<meta property=\"og:image:width\" content=\"968\" \/>\n\t<meta property=\"og:image:height\" content=\"514\" \/>\n\t<meta property=\"og:image:type\" content=\"image\/jpeg\" \/>\n<meta name=\"author\" content=\"kosarkapgz.com\" \/>\n<meta name=\"twitter:card\" content=\"summary_large_image\" \/>\n<meta name=\"twitter:label1\" content=\"Napisao\/la\" \/>\n\t<meta name=\"twitter:data1\" content=\"kosarkapgz.com\" \/>\n\t<meta name=\"twitter:label2\" content=\"Procijenjeno vrijeme \u010ditanja\" \/>\n\t<meta name=\"twitter:data2\" content=\"4 minute\" \/>\n<script type=\"application\/ld+json\" class=\"yoast-schema-graph\">{\"@context\":\"https:\/\/schema.org\",\"@graph\":[{\"@type\":\"Article\",\"@id\":\"https:\/\/kosarkapgz.com\/?p=4204#article\",\"isPartOf\":{\"@id\":\"https:\/\/kosarkapgz.com\/?p=4204\"},\"author\":{\"name\":\"kosarkapgz.com\",\"@id\":\"https:\/\/kosarkapgz.com\/#\/schema\/person\/c69ce81411ba0000f2b5ba4f71a43081\"},\"headline\":\"U FSV-u slo\u017eili trenersku i igra\u010dku kri\u017ealjku za novu sezonu\",\"datePublished\":\"2025-06-12T22:16:40+00:00\",\"dateModified\":\"2025-06-12T22:17:59+00:00\",\"mainEntityOfPage\":{\"@id\":\"https:\/\/kosarkapgz.com\/?p=4204\"},\"wordCount\":681,\"commentCount\":0,\"publisher\":{\"@id\":\"https:\/\/kosarkapgz.com\/#organization\"},\"articleSection\":[\"Novosti\"],\"inLanguage\":\"hr\",\"potentialAction\":[{\"@type\":\"CommentAction\",\"name\":\"Comment\",\"target\":[\"https:\/\/kosarkapgz.com\/?p=4204#respond\"]}]},{\"@type\":\"WebPage\",\"@id\":\"https:\/\/kosarkapgz.com\/?p=4204\",\"url\":\"https:\/\/kosarkapgz.com\/?p=4204\",\"name\":\"U FSV-u slo\u017eili trenersku i igra\u010dku kri\u017ealjku za novu sezonu - Ko\u0161arka\u0161ki savez PG\u017d\",\"isPartOf\":{\"@id\":\"https:\/\/kosarkapgz.com\/#website\"},\"datePublished\":\"2025-06-12T22:16:40+00:00\",\"dateModified\":\"2025-06-12T22:17:59+00:00\",\"description\":\"Iza ko\u0161arka\u0161ica FSV-a rezultatski je vrlo dobra sezona, u kojoj su se jedine premijerliga\u0161ice s podru\u010dja Primorsko-goranske \u017eupanije plasirale u sredinu ljestvice.\",\"breadcrumb\":{\"@id\":\"https:\/\/kosarkapgz.com\/?p=4204#breadcrumb\"},\"inLanguage\":\"hr\",\"potentialAction\":[{\"@type\":\"ReadAction\",\"target\":[\"https:\/\/kosarkapgz.com\/?p=4204\"]}]},{\"@type\":\"BreadcrumbList\",\"@id\":\"https:\/\/kosarkapgz.com\/?p=4204#breadcrumb\",\"itemListElement\":[{\"@type\":\"ListItem\",\"position\":1,\"name\":\"Home\",\"item\":\"https:\/\/kosarkapgz.com\/\"},{\"@type\":\"ListItem\",\"position\":2,\"name\":\"U FSV-u slo\u017eili trenersku i igra\u010dku kri\u017ealjku za novu sezonu\"}]},{\"@type\":\"WebSite\",\"@id\":\"https:\/\/kosarkapgz.com\/#website\",\"url\":\"https:\/\/kosarkapgz.com\/\",\"name\":\"Ko\u0161arka\u0161ki savez PG\u017d\",\"description\":\"Slu\u017ebena stranica Ko\u0161arka\u0161kog saveza Primorsko - goranske \u017eupanije\",\"publisher\":{\"@id\":\"https:\/\/kosarkapgz.com\/#organization\"},\"alternateName\":\"Ko\u0161arkaPG\u017d\",\"potentialAction\":[{\"@type\":\"SearchAction\",\"target\":{\"@type\":\"EntryPoint\",\"urlTemplate\":\"https:\/\/kosarkapgz.com\/?s={search_term_string}\"},\"query-input\":\"required name=search_term_string\"}],\"inLanguage\":\"hr\"},{\"@type\":\"Organization\",\"@id\":\"https:\/\/kosarkapgz.com\/#organization\",\"name\":\"Ko\u0161arka\u0161ki savez PG\u017d\",\"url\":\"https:\/\/kosarkapgz.com\/\",\"logo\":{\"@type\":\"ImageObject\",\"inLanguage\":\"hr\",\"@id\":\"https:\/\/kosarkapgz.com\/#\/schema\/logo\/image\/\",\"url\":\"https:\/\/kosarkapgz.com\/wp-content\/uploads\/2023\/11\/kspgz_zastavica.jpg\",\"contentUrl\":\"https:\/\/kosarkapgz.com\/wp-content\/uploads\/2023\/11\/kspgz_zastavica.jpg\",\"width\":150,\"height\":189,\"caption\":\"Ko\u0161arka\u0161ki savez PG\u017d\"},\"image\":{\"@id\":\"https:\/\/kosarkapgz.com\/#\/schema\/logo\/image\/\"}},{\"@type\":\"Person\",\"@id\":\"https:\/\/kosarkapgz.com\/#\/schema\/person\/c69ce81411ba0000f2b5ba4f71a43081\",\"name\":\"kosarkapgz.com\",\"image\":{\"@type\":\"ImageObject\",\"inLanguage\":\"hr\",\"@id\":\"https:\/\/kosarkapgz.com\/#\/schema\/person\/image\/\",\"url\":\"https:\/\/secure.gravatar.com\/avatar\/1e45c95a66ab910c082b1f63c8b79087?s=96&d=mm&r=g\",\"contentUrl\":\"https:\/\/secure.gravatar.com\/avatar\/1e45c95a66ab910c082b1f63c8b79087?s=96&d=mm&r=g\",\"caption\":\"kosarkapgz.com\"},\"sameAs\":[\"http:\/\/kosarkapgz.com\"],\"url\":\"https:\/\/kosarkapgz.com\/?author=1\"}]}<\/script>\n<!-- \/ Yoast SEO plugin. -->","yoast_head_json":{"title":"U FSV-u slo\u017eili trenersku i igra\u010dku kri\u017ealjku za novu sezonu - Ko\u0161arka\u0161ki savez PG\u017d","description":"Iza ko\u0161arka\u0161ica FSV-a rezultatski je vrlo dobra sezona, u kojoj su se jedine premijerliga\u0161ice s podru\u010dja Primorsko-goranske \u017eupanije plasirale u sredinu ljestvice.","robots":{"index":"index","follow":"follow","max-snippet":"max-snippet:-1","max-image-preview":"max-image-preview:large","max-video-preview":"max-video-preview:-1"},"canonical":"https:\/\/kosarkapgz.com\/?p=4204","og_locale":"hr_HR","og_type":"article","og_title":"U FSV-u slo\u017eili trenersku i igra\u010dku kri\u017ealjku za novu sezonu - Ko\u0161arka\u0161ki savez PG\u017d","og_description":"Iza ko\u0161arka\u0161ica FSV-a rezultatski je vrlo dobra sezona, u kojoj su se jedine premijerliga\u0161ice s podru\u010dja Primorsko-goranske \u017eupanije plasirale u sredinu ljestvice.","og_url":"https:\/\/kosarkapgz.com\/?p=4204","og_site_name":"Ko\u0161arka\u0161ki savez PG\u017d","article_published_time":"2025-06-12T22:16:40+00:00","article_modified_time":"2025-06-12T22:17:59+00:00","og_image":[{"width":968,"height":514,"url":"http:\/\/kosarkapgz.com\/wp-content\/uploads\/2025\/06\/a-a-aab-985-kopi-kopi.jpg","type":"image\/jpeg"}],"author":"kosarkapgz.com","twitter_card":"summary_large_image","twitter_misc":{"Napisao\/la":"kosarkapgz.com","Procijenjeno vrijeme \u010ditanja":"4 minute"},"schema":{"@context":"https:\/\/schema.org","@graph":[{"@type":"Article","@id":"https:\/\/kosarkapgz.com\/?p=4204#article","isPartOf":{"@id":"https:\/\/kosarkapgz.com\/?p=4204"},"author":{"name":"kosarkapgz.com","@id":"https:\/\/kosarkapgz.com\/#\/schema\/person\/c69ce81411ba0000f2b5ba4f71a43081"},"headline":"U FSV-u slo\u017eili trenersku i igra\u010dku kri\u017ealjku za novu sezonu","datePublished":"2025-06-12T22:16:40+00:00","dateModified":"2025-06-12T22:17:59+00:00","mainEntityOfPage":{"@id":"https:\/\/kosarkapgz.com\/?p=4204"},"wordCount":681,"commentCount":0,"publisher":{"@id":"https:\/\/kosarkapgz.com\/#organization"},"articleSection":["Novosti"],"inLanguage":"hr","potentialAction":[{"@type":"CommentAction","name":"Comment","target":["https:\/\/kosarkapgz.com\/?p=4204#respond"]}]},{"@type":"WebPage","@id":"https:\/\/kosarkapgz.com\/?p=4204","url":"https:\/\/kosarkapgz.com\/?p=4204","name":"U FSV-u slo\u017eili trenersku i igra\u010dku kri\u017ealjku za novu sezonu - Ko\u0161arka\u0161ki savez PG\u017d","isPartOf":{"@id":"https:\/\/kosarkapgz.com\/#website"},"datePublished":"2025-06-12T22:16:40+00:00","dateModified":"2025-06-12T22:17:59+00:00","description":"Iza ko\u0161arka\u0161ica FSV-a rezultatski je vrlo dobra sezona, u kojoj su se jedine premijerliga\u0161ice s podru\u010dja Primorsko-goranske \u017eupanije plasirale u sredinu ljestvice.","breadcrumb":{"@id":"https:\/\/kosarkapgz.com\/?p=4204#breadcrumb"},"inLanguage":"hr","potentialAction":[{"@type":"ReadAction","target":["https:\/\/kosarkapgz.com\/?p=4204"]}]},{"@type":"BreadcrumbList","@id":"https:\/\/kosarkapgz.com\/?p=4204#breadcrumb","itemListElement":[{"@type":"ListItem","position":1,"name":"Home","item":"https:\/\/kosarkapgz.com\/"},{"@type":"ListItem","position":2,"name":"U FSV-u slo\u017eili trenersku i igra\u010dku kri\u017ealjku za novu sezonu"}]},{"@type":"WebSite","@id":"https:\/\/kosarkapgz.com\/#website","url":"https:\/\/kosarkapgz.com\/","name":"Ko\u0161arka\u0161ki savez PG\u017d","description":"Slu\u017ebena stranica Ko\u0161arka\u0161kog saveza Primorsko - goranske \u017eupanije","publisher":{"@id":"https:\/\/kosarkapgz.com\/#organization"},"alternateName":"Ko\u0161arkaPG\u017d","potentialAction":[{"@type":"SearchAction","target":{"@type":"EntryPoint","urlTemplate":"https:\/\/kosarkapgz.com\/?s={search_term_string}"},"query-input":"required name=search_term_string"}],"inLanguage":"hr"},{"@type":"Organization","@id":"https:\/\/kosarkapgz.com\/#organization","name":"Ko\u0161arka\u0161ki savez PG\u017d","url":"https:\/\/kosarkapgz.com\/","logo":{"@type":"ImageObject","inLanguage":"hr","@id":"https:\/\/kosarkapgz.com\/#\/schema\/logo\/image\/","url":"https:\/\/kosarkapgz.com\/wp-content\/uploads\/2023\/11\/kspgz_zastavica.jpg","contentUrl":"https:\/\/kosarkapgz.com\/wp-content\/uploads\/2023\/11\/kspgz_zastavica.jpg","width":150,"height":189,"caption":"Ko\u0161arka\u0161ki savez PG\u017d"},"image":{"@id":"https:\/\/kosarkapgz.com\/#\/schema\/logo\/image\/"}},{"@type":"Person","@id":"https:\/\/kosarkapgz.com\/#\/schema\/person\/c69ce81411ba0000f2b5ba4f71a43081","name":"kosarkapgz.com","image":{"@type":"ImageObject","inLanguage":"hr","@id":"https:\/\/kosarkapgz.com\/#\/schema\/person\/image\/","url":"https:\/\/secure.gravatar.com\/avatar\/1e45c95a66ab910c082b1f63c8b79087?s=96&d=mm&r=g","contentUrl":"https:\/\/secure.gravatar.com\/avatar\/1e45c95a66ab910c082b1f63c8b79087?s=96&d=mm&r=g","caption":"kosarkapgz.com"},"sameAs":["http:\/\/kosarkapgz.com"],"url":"https:\/\/kosarkapgz.com\/?author=1"}]}},"_links":{"self":[{"href":"https:\/\/kosarkapgz.com\/index.php?rest_route=\/wp\/v2\/posts\/4204"}],"collection":[{"href":"https:\/\/kosarkapgz.com\/index.php?rest_route=\/wp\/v2\/posts"}],"about":[{"href":"https:\/\/kosarkapgz.com\/index.php?rest_route=\/wp\/v2\/types\/post"}],"author":[{"embeddable":true,"href":"https:\/\/kosarkapgz.com\/index.php?rest_route=\/wp\/v2\/users\/1"}],"replies":[{"embeddable":true,"href":"https:\/\/kosarkapgz.com\/index.php?rest_route=%2Fwp%2Fv2%2Fcomments&post=4204"}],"version-history":[{"count":3,"href":"https:\/\/kosarkapgz.com\/index.php?rest_route=\/wp\/v2\/posts\/4204\/revisions"}],"predecessor-version":[{"id":4211,"href":"https:\/\/kosarkapgz.com\/index.php?rest_route=\/wp\/v2\/posts\/4204\/revisions\/4211"}],"wp:featuredmedia":[{"embeddable":true,"href":"https:\/\/kosarkapgz.com\/index.php?rest_route=\/wp\/v2\/media\/4206"}],"wp:attachment":[{"href":"https:\/\/kosarkapgz.com\/index.php?rest_route=%2Fwp%2Fv2%2Fmedia&parent=4204"}],"wp:term":[{"taxonomy":"category","embeddable":true,"href":"https:\/\/kosarkapgz.com\/index.php?rest_route=%2Fwp%2Fv2%2Fcategories&post=4204"},{"taxonomy":"post_tag","embeddable":true,"href":"https:\/\/kosarkapgz.com\/index.php?rest_route=%2Fwp%2Fv2%2Ftags&post=4204"}],"curies":[{"name":"wp","href":"https:\/\/api.w.org\/{rel}","templated":true}]}}