{"id":3808,"date":"2025-04-17T23:06:19","date_gmt":"2025-04-17T21:06:19","guid":{"rendered":"https:\/\/kosarkapgz.com\/?p=3808"},"modified":"2025-04-17T23:12:07","modified_gmt":"2025-04-17T21:12:07","slug":"djecaci-kastva-regionalni-prvaci","status":"publish","type":"post","link":"https:\/\/kosarkapgz.com\/?p=3808","title":{"rendered":"Dje\u010daci Kastva regionalni prvaci!"},"content":{"rendered":"<p>Dje\u010daci Kastva postali su \u201efrajeri iz Kastva\u201d, nakon velike pobjede u finalnoj utakmici Regionalne lige u kojoj su na neutralnom parketu u Labinu svladali vr\u0161njake Pazina. Mladi su Pazinci bolje otvorili susret, no kako je utakmica odmicala \u201enaran\u010dasti\u201d su bili sve sigurniji, pretvoriv\u0161i u zadnjoj \u010detvrtini -6 u kona\u010dnih +4 (54:58).<\/p>\n<p><img loading=\"lazy\" decoding=\"async\" class=\"alignnone size-full wp-image-3811\" src=\"http:\/\/kosarkapgz.com\/wp-content\/uploads\/2025\/04\/a-a-akastav-stoja-1-kopi-2.jpg\" alt=\"\" width=\"1000\" height=\"667\" srcset=\"https:\/\/kosarkapgz.com\/wp-content\/uploads\/2025\/04\/a-a-akastav-stoja-1-kopi-2.jpg 1000w, https:\/\/kosarkapgz.com\/wp-content\/uploads\/2025\/04\/a-a-akastav-stoja-1-kopi-2-300x200.jpg 300w, https:\/\/kosarkapgz.com\/wp-content\/uploads\/2025\/04\/a-a-akastav-stoja-1-kopi-2-768x512.jpg 768w\" sizes=\"(max-width: 1000px) 100vw, 1000px\" \/><\/p>\n<p>U dramati\u010dnoj zavr\u0161nici Regionalne lige juniora Kvarner je ko\u0161em u posljednjim sekundama pobijedio DepoLink \u0160krljevo, dok su mla\u0111i kadeti istog kluba uvjerljivo svladali Rab.<\/p>\n<figure id=\"attachment_3813\" aria-describedby=\"caption-attachment-3813\" style=\"width: 1000px\" class=\"wp-caption alignnone\"><img loading=\"lazy\" decoding=\"async\" class=\"size-full wp-image-3813\" src=\"http:\/\/kosarkapgz.com\/wp-content\/uploads\/2025\/04\/a-a-arab-2-kopi.jpg\" alt=\"\" width=\"1000\" height=\"667\" srcset=\"https:\/\/kosarkapgz.com\/wp-content\/uploads\/2025\/04\/a-a-arab-2-kopi.jpg 1000w, https:\/\/kosarkapgz.com\/wp-content\/uploads\/2025\/04\/a-a-arab-2-kopi-300x200.jpg 300w, https:\/\/kosarkapgz.com\/wp-content\/uploads\/2025\/04\/a-a-arab-2-kopi-768x512.jpg 768w\" sizes=\"(max-width: 1000px) 100vw, 1000px\" \/><figcaption id=\"caption-attachment-3813\" class=\"wp-caption-text\">Kvarner &#8211; Rab mla\u0111i kadeti<\/figcaption><\/figure>\n<p>REGIONALNA LIGA<\/p>\n<p>JUNIORI<\/p>\n<p><strong>DL \u0160krljevo \u2013 Jadranka 74:57 (17:14, 19:17, 20:8, 18:18)<\/strong><\/p>\n<p>DL \u0160krljevo: Markovi\u0107 3, Salopek 12, Bratani\u0107 13, Nasti\u0107, Zatezalo 28, Grbe\u0161, Male\u0161evi\u0107 5, Poli\u0107 6, Udovi\u010di\u0107, Dekovi\u0107 7.<\/p>\n<p>Jadranka: Rogi\u0107 16, Gardian, Debelac 10, Katalini\u0107, Rukavina 18, Hocenski 2, Vidakovi\u0107 3, Mari\u0107, Kuljani\u0107 8.<\/p>\n<p><strong>Kvarner \u2013 DL \u0160krljevo 71:70 (11:17, 17:15, 22:21, 21:17)<\/strong><\/p>\n<p>Kvarner: Pozder 13, Bo\u017ei\u0107 8, Mu\u0161an 2, Kremenovi\u0107 20, Kova\u010devi\u0107 9, Delpin, Pilepi\u0107 4, Margiti\u0107, Arbanas 13, Obradovi\u0107, Rubini\u0107, Moraal 2.<\/p>\n<p>DJE\u010cACI<\/p>\n<p>FINALE<\/p>\n<p><strong>Pazin \u2013 Kastav 54:58 (20:10, 13:12, 9:14, 12:22)<\/strong><\/p>\n<p>Pazin: Brkovi\u0107 6, Antolovi\u0107 8, Cvijanovi\u0107, Uj\u010di\u0107, Krsti\u0107 9, Ili\u0107, Grubi\u0161a, Siroti\u0107, Pami\u0107 8, Benkovi\u0107 19, Tomi\u0161i\u0107 4, \u0160oli\u0107.<\/p>\n<p>Kastav: Peri\u0107 4, Troskot, Superina, Vito Vidmar 4, Ma\u010dinkovi\u0107, Viktor Vidmar 22, Lerga 8, Latin 20, Grbac.<\/p>\n<figure id=\"attachment_3814\" aria-describedby=\"caption-attachment-3814\" style=\"width: 886px\" class=\"wp-caption alignnone\"><img loading=\"lazy\" decoding=\"async\" class=\"size-full wp-image-3814\" src=\"http:\/\/kosarkapgz.com\/wp-content\/uploads\/2025\/04\/a-a-akastav-stoja-4-kopi-kopi-1.jpg\" alt=\"\" width=\"886\" height=\"549\" srcset=\"https:\/\/kosarkapgz.com\/wp-content\/uploads\/2025\/04\/a-a-akastav-stoja-4-kopi-kopi-1.jpg 886w, https:\/\/kosarkapgz.com\/wp-content\/uploads\/2025\/04\/a-a-akastav-stoja-4-kopi-kopi-1-300x186.jpg 300w, https:\/\/kosarkapgz.com\/wp-content\/uploads\/2025\/04\/a-a-akastav-stoja-4-kopi-kopi-1-768x476.jpg 768w\" sizes=\"(max-width: 886px) 100vw, 886px\" \/><figcaption id=\"caption-attachment-3814\" class=\"wp-caption-text\">Viktor Vidmar i Eugen Ton\u010dini\u0107 (Kastav)<\/figcaption><\/figure>\n<p>\u017dUPANIJSKA LIGA<\/p>\n<p>KADETI<\/p>\n<p>LIGA ZA POREDAK<\/p>\n<p><strong>Kraljevica \u2013 FSV 86:53 (20:14, 14:14, 31:13, 21:12)<\/strong><\/p>\n<p>Kraljevica: Sladi\u0107 2, Habibi\u0107, Poli\u0107 2, Haler 12, Vrcan 32, N. Rukavina 24, Brleti\u0107 3, L. Rukavina 11, Buri\u0107.<\/p>\n<p>FSV: Lenac 4, Bari\u0107 11, Miljak 4, \u010celikovi\u0107 10, Boca 9, \u0110ur\u0111evi\u0107 4, Ko\u0161pi\u0107 11.<\/p>\n<p><strong>Ri-basket \u2013 Kastav 98:90 (26:26, 21:25, 26:21, 25:18)<\/strong><\/p>\n<p>Ri-basket: \u0110api\u0107 26, \u0160trkovi\u0107, Kova\u010di\u0107 6, Mar\u010delja 24, Veli\u010di\u0107 6, \u010cu\u017ei\u0107 25, Krculi\u0107 9, Jardas 2.<\/p>\n<p>Kastav: Brunjak 20, Crni\u0107, Vuleta 13, Lu\u010din 19, Kajfe\u0161 18, S. Ujdurovi\u0107, N. Ujdurovi\u0107 3, Mi\u0161an 17.<\/p>\n<p><img loading=\"lazy\" decoding=\"async\" class=\"alignnone size-full wp-image-3815\" src=\"http:\/\/kosarkapgz.com\/wp-content\/uploads\/2025\/04\/zabok-7-kopi-kopi.jpg\" alt=\"\" width=\"914\" height=\"566\" srcset=\"https:\/\/kosarkapgz.com\/wp-content\/uploads\/2025\/04\/zabok-7-kopi-kopi.jpg 914w, https:\/\/kosarkapgz.com\/wp-content\/uploads\/2025\/04\/zabok-7-kopi-kopi-300x186.jpg 300w, https:\/\/kosarkapgz.com\/wp-content\/uploads\/2025\/04\/zabok-7-kopi-kopi-768x476.jpg 768w\" sizes=\"(max-width: 914px) 100vw, 914px\" \/><\/p>\n<p>MLA\u0110I KADETI<\/p>\n<p>LIGA ZA PRVAKA<\/p>\n<p><strong>Kvarner \u2013 Rab 85:40 (21:5, 19:12, 17:9, 28:14)<\/strong><\/p>\n<p>Kvarner: Jegjud 1, Petrli\u0107, Jak\u0161i\u0107 5, Naki\u0107 13, Konti\u0107 2, Sokoli\u0107 32, Mrvica 4, Rempe\u0161i\u0107 2, \u0106epi\u0107, Srzenti\u0107 15, Mavrovi\u0107 11.<\/p>\n<p>Rab: Beg 7, Branari\u0107 \u0106ilo 2, A. Perani\u0107, Varha\u0161 10, Krstini\u0107 6, Boras 13, S. Perani\u0107, Plahljina Ru\u010dini\u0107 2.<\/p>\n<figure id=\"attachment_3816\" aria-describedby=\"caption-attachment-3816\" style=\"width: 938px\" class=\"wp-caption alignnone\"><img loading=\"lazy\" decoding=\"async\" class=\"size-full wp-image-3816\" src=\"http:\/\/kosarkapgz.com\/wp-content\/uploads\/2025\/04\/a-a-arab-1-kopi-kopi.jpg\" alt=\"\" width=\"938\" height=\"667\" srcset=\"https:\/\/kosarkapgz.com\/wp-content\/uploads\/2025\/04\/a-a-arab-1-kopi-kopi.jpg 938w, https:\/\/kosarkapgz.com\/wp-content\/uploads\/2025\/04\/a-a-arab-1-kopi-kopi-300x213.jpg 300w, https:\/\/kosarkapgz.com\/wp-content\/uploads\/2025\/04\/a-a-arab-1-kopi-kopi-768x546.jpg 768w\" sizes=\"(max-width: 938px) 100vw, 938px\" \/><figcaption id=\"caption-attachment-3816\" class=\"wp-caption-text\">Kvarner &#8211; Rab (mla\u0111i kadeti)<\/figcaption><\/figure>\n<figure id=\"attachment_3817\" aria-describedby=\"caption-attachment-3817\" style=\"width: 1000px\" class=\"wp-caption alignnone\"><img loading=\"lazy\" decoding=\"async\" class=\"size-full wp-image-3817\" src=\"http:\/\/kosarkapgz.com\/wp-content\/uploads\/2025\/04\/a-a-arab-4-kopi-kopi.jpg\" alt=\"\" width=\"1000\" height=\"620\" srcset=\"https:\/\/kosarkapgz.com\/wp-content\/uploads\/2025\/04\/a-a-arab-4-kopi-kopi.jpg 1000w, https:\/\/kosarkapgz.com\/wp-content\/uploads\/2025\/04\/a-a-arab-4-kopi-kopi-300x186.jpg 300w, https:\/\/kosarkapgz.com\/wp-content\/uploads\/2025\/04\/a-a-arab-4-kopi-kopi-768x476.jpg 768w\" sizes=\"(max-width: 1000px) 100vw, 1000px\" \/><figcaption id=\"caption-attachment-3817\" class=\"wp-caption-text\">Kvarner &#8211; Rab (mla\u0111i kadeti)<\/figcaption><\/figure>\n<figure id=\"attachment_3818\" aria-describedby=\"caption-attachment-3818\" style=\"width: 1000px\" class=\"wp-caption alignnone\"><img loading=\"lazy\" decoding=\"async\" class=\"size-full wp-image-3818\" src=\"http:\/\/kosarkapgz.com\/wp-content\/uploads\/2025\/04\/a-a-arab-5-kopi.jpg\" alt=\"\" width=\"1000\" height=\"667\" srcset=\"https:\/\/kosarkapgz.com\/wp-content\/uploads\/2025\/04\/a-a-arab-5-kopi.jpg 1000w, https:\/\/kosarkapgz.com\/wp-content\/uploads\/2025\/04\/a-a-arab-5-kopi-300x200.jpg 300w, https:\/\/kosarkapgz.com\/wp-content\/uploads\/2025\/04\/a-a-arab-5-kopi-768x512.jpg 768w\" sizes=\"(max-width: 1000px) 100vw, 1000px\" \/><figcaption id=\"caption-attachment-3818\" class=\"wp-caption-text\">Kvarner &#8211; Rab (mla\u0111i kadeti)<\/figcaption><\/figure>\n<figure id=\"attachment_3819\" aria-describedby=\"caption-attachment-3819\" style=\"width: 920px\" class=\"wp-caption alignnone\"><img loading=\"lazy\" decoding=\"async\" class=\"size-full wp-image-3819\" src=\"http:\/\/kosarkapgz.com\/wp-content\/uploads\/2025\/04\/a-a-arab-6-kopi-kopi.jpg\" alt=\"\" width=\"920\" height=\"607\" srcset=\"https:\/\/kosarkapgz.com\/wp-content\/uploads\/2025\/04\/a-a-arab-6-kopi-kopi.jpg 920w, https:\/\/kosarkapgz.com\/wp-content\/uploads\/2025\/04\/a-a-arab-6-kopi-kopi-300x198.jpg 300w, https:\/\/kosarkapgz.com\/wp-content\/uploads\/2025\/04\/a-a-arab-6-kopi-kopi-768x507.jpg 768w\" sizes=\"(max-width: 920px) 100vw, 920px\" \/><figcaption id=\"caption-attachment-3819\" class=\"wp-caption-text\">Kvarner &#8211; Rab (mla\u0111i kadeti)<\/figcaption><\/figure>\n<p>LIGA ZA POREDAK<\/p>\n<p><strong>Kostrena \u2013 Zamet 85:48 (22:8, 14:11, 29:10, 20:19)<\/strong><\/p>\n<p>Kostrena: Zuji\u0107 2, Cvijanovi\u0107 3, Zel\u010di\u0107 12, \u0110or\u0111evi\u0107, Dragi\u010devi\u0107 28, \u010ca\u010de 12, Sobol 5, Milivojevi\u0107 2, Zavidi\u0107, Lencovi\u0107 21.<\/p>\n<p>Zamet: Tur\u010di\u0107, Ivanac 15, Buterin 2, Pehar 4, Milkovi\u0107 8, Sterpin 5, Kukec 2, Cuculi\u0107, Babi\u0107 12.<\/p>\n<p><strong>Matulji \u2013 Cres 55:56 (8:9, 10:13, 14:6, 20:24, prod. 3:4)<\/strong><\/p>\n<p>Matulji: Tomac, Novosel, Kinkela, Nikoli\u0107 8, Sankovi\u0107, Rus, Matej\u010di\u0107 2, Kadmen 17, Gavri\u0107 9, Miketa 11, Luketi\u0107 8, Ban.<\/p>\n<p>Cres: Rodinis 26, Kurti\u0161i, Bauk, Dor\u010di\u0107 7, Ku\u010dica 1, Sinti\u0107 2, Liji\u0107 6, Luki\u0107 14.<\/p>\n<figure id=\"attachment_3820\" aria-describedby=\"caption-attachment-3820\" style=\"width: 1000px\" class=\"wp-caption alignnone\"><img loading=\"lazy\" decoding=\"async\" class=\"size-full wp-image-3820\" src=\"http:\/\/kosarkapgz.com\/wp-content\/uploads\/2025\/04\/krk-mladi-8-kopi-1.jpg\" alt=\"\" width=\"1000\" height=\"667\" srcset=\"https:\/\/kosarkapgz.com\/wp-content\/uploads\/2025\/04\/krk-mladi-8-kopi-1.jpg 1000w, https:\/\/kosarkapgz.com\/wp-content\/uploads\/2025\/04\/krk-mladi-8-kopi-1-300x200.jpg 300w, https:\/\/kosarkapgz.com\/wp-content\/uploads\/2025\/04\/krk-mladi-8-kopi-1-768x512.jpg 768w\" sizes=\"(max-width: 1000px) 100vw, 1000px\" \/><figcaption id=\"caption-attachment-3820\" class=\"wp-caption-text\">KK &#8220;Matulji&#8221; (mla\u0111i kadeti)<\/figcaption><\/figure>\n<p>MLA\u0110E KADETKINJE<\/p>\n<p><strong>FSV \u2013 Krk 46:26 (12:6, 15:6, 9:8, 10:6)<\/strong><\/p>\n<p>FSV: Polovina 16, Ba\u0161kovi\u0107 6, N. Mikuli\u010di\u0107, L. Mikuli\u010di\u0107 3, Kudi\u0107 5, \u017dic 2, Kospi\u0107 2, Ribinski 11, Fu\u0107ak 2, Grbac, Trbojevi\u0107.<\/p>\n<p>Krk: Mr\u0161i\u0107 3, \u010cutul, Karabai\u0107, O\u010dko, Kosi\u0107, Dekani\u0107 1, M. Lukari\u0107 5, Baj\u010di\u0107 2, Lukari\u0107, Hunjadi, Fija\u010dko 14.<\/p>\n<figure id=\"attachment_3821\" aria-describedby=\"caption-attachment-3821\" style=\"width: 928px\" class=\"wp-caption alignnone\"><img loading=\"lazy\" decoding=\"async\" class=\"size-full wp-image-3821\" src=\"http:\/\/kosarkapgz.com\/wp-content\/uploads\/2025\/04\/a-a-sisak-14-kopi-kopi.jpg\" alt=\"\" width=\"928\" height=\"601\" srcset=\"https:\/\/kosarkapgz.com\/wp-content\/uploads\/2025\/04\/a-a-sisak-14-kopi-kopi.jpg 928w, https:\/\/kosarkapgz.com\/wp-content\/uploads\/2025\/04\/a-a-sisak-14-kopi-kopi-300x194.jpg 300w, https:\/\/kosarkapgz.com\/wp-content\/uploads\/2025\/04\/a-a-sisak-14-kopi-kopi-768x497.jpg 768w\" sizes=\"(max-width: 928px) 100vw, 928px\" \/><figcaption id=\"caption-attachment-3821\" class=\"wp-caption-text\">Polovina (plavi dres) KK &#8220;FSV&#8221;<\/figcaption><\/figure>\n<p><strong>Kostrena \u2013 FSV 18:58 (2:17, 8:10, 5:13, 3:18)<\/strong><\/p>\n<p>Kostrena: Mateti\u0107 2, Car, Obraziuk, Klari\u0107 2, \u0160pidla 3, \u0160iki\u0107, Lencovi\u0107 4, Gortan 3, Te\u0161ar 2.<\/p>\n<p>FSV: Ribinski 16, Ba\u0161kovi\u0107 9, N. Mikuli\u010di\u0107 11, L. Mikuli\u010di\u0107 7, Grubi\u0161i\u0107, Kudi\u0107 2, \u017dic 5, Klepac, Grbac 2, Fu\u010dak 4, Vinkovi\u0107, Tomi\u010di\u0107, Ko\u0161pi\u0107 2.<\/p>\n<p>DJEVOJ\u010cICE<\/p>\n<p><strong>FSV \u2013 Krk 58:25 (19:11, 15:5, 17:2, 7:7)<\/strong><\/p>\n<p>FSV: Milin, Bo\u0161kovi\u0107 10, N. Mikuli\u010di\u0107 21, L. Mikuli\u010di\u0107 5, Grube\u0161i\u0107, Kudi\u0107 2, \u017dic 9, Halini\u0107 2, Grbac 4, Fu\u010dak 3, Vinkovi\u0107, Tomi\u010di\u0107.<\/p>\n<p>Krk: Mr\u0161i\u0107 3, \u010cutul 3, Karabai\u0107 2, O\u010dko 2, Kosi\u0107 4, Dekani\u0107 11, Lukari\u0107, Baj\u010di\u0107.<\/p>\n<p><strong>Kostrena \u2013 Arx 45:55 (7:12, 16:17, 9:15, 13:11)<\/strong><\/p>\n<p>Kostrena: Lupi 4, Bubanj, Tancabel 2, Car 4, Ser\u0161i\u0107 2, Cortesi 13, Ruga\u0161, Lencovi\u0107 3, Te\u0161ar 17.<\/p>\n<p>Arx: Knez 3, Vuleta 19, Re\u0161etar 6, Stojevi\u0107, Vidas 13, Pavlini\u0107, Vuki\u0107 8, Mo\u010dilac, Kati\u0107, Kosik 3.<\/p>\n","protected":false},"excerpt":{"rendered":"<p>Dje\u010daci Kastva postali su \u201efrajeri iz Kastva\u201d, nakon velike pobjede u finalnoj utakmici Regionalne lige u kojoj su na neutralnom parketu u Labinu svladali vr\u0161njake Pazina. Mladi su Pazinci bolje otvorili susret, no kako je utakmica odmicala \u201enaran\u010dasti\u201d su bili sve sigurniji, pretvoriv\u0161i u zadnjoj \u010detvrtini -6 u kona\u010dnih +4 (54:58). U dramati\u010dnoj zavr\u0161nici Regionalne [&hellip;]<\/p>\n","protected":false},"author":1,"featured_media":3810,"comment_status":"open","ping_status":"open","sticky":false,"template":"","format":"standard","meta":{"footnotes":""},"categories":[29],"tags":[],"yoast_head":"<!-- This site is optimized with the Yoast SEO plugin v21.6 - https:\/\/yoast.com\/wordpress\/plugins\/seo\/ -->\n<title>Dje\u010daci Kastva regionalni prvaci! - Ko\u0161arka\u0161ki savez PG\u017d<\/title>\n<meta name=\"description\" content=\"Dje\u010daci Kastva postali su \u201efrajeri iz Kastva\u201d, nakon velike pobjede u finalnoj utakmici Regionalne lige, u kojoj su na neutralnom parketu u Labinu svladali vr\u0161njake Pazina. Mladi su Pazinci bolje otvorili susret, no kako je utakmica odmicala \u201enaran\u010dasti\u201d su bili sve sigurniji, pretvoriv\u0161i u zadnjoj \u010detvrtini -6 u kona\u010dnih +4 (54:58).\" \/>\n<meta name=\"robots\" content=\"index, follow, max-snippet:-1, max-image-preview:large, max-video-preview:-1\" \/>\n<link rel=\"canonical\" href=\"https:\/\/kosarkapgz.com\/?p=3808\" \/>\n<meta property=\"og:locale\" content=\"hr_HR\" \/>\n<meta property=\"og:type\" content=\"article\" \/>\n<meta property=\"og:title\" content=\"Dje\u010daci Kastva regionalni prvaci! - Ko\u0161arka\u0161ki savez PG\u017d\" \/>\n<meta property=\"og:description\" content=\"Dje\u010daci Kastva postali su \u201efrajeri iz Kastva\u201d, nakon velike pobjede u finalnoj utakmici Regionalne lige, u kojoj su na neutralnom parketu u Labinu svladali vr\u0161njake Pazina. Mladi su Pazinci bolje otvorili susret, no kako je utakmica odmicala \u201enaran\u010dasti\u201d su bili sve sigurniji, pretvoriv\u0161i u zadnjoj \u010detvrtini -6 u kona\u010dnih +4 (54:58).\" \/>\n<meta property=\"og:url\" content=\"https:\/\/kosarkapgz.com\/?p=3808\" \/>\n<meta property=\"og:site_name\" content=\"Ko\u0161arka\u0161ki savez PG\u017d\" \/>\n<meta property=\"article:published_time\" content=\"2025-04-17T21:06:19+00:00\" \/>\n<meta property=\"article:modified_time\" content=\"2025-04-17T21:12:07+00:00\" \/>\n<meta property=\"og:image\" content=\"http:\/\/kosarkapgz.com\/wp-content\/uploads\/2025\/04\/a-a-akastav-stoja-3-kopi-1.jpg\" \/>\n\t<meta property=\"og:image:width\" content=\"1000\" \/>\n\t<meta property=\"og:image:height\" content=\"667\" \/>\n\t<meta property=\"og:image:type\" content=\"image\/jpeg\" \/>\n<meta name=\"author\" content=\"kosarkapgz.com\" \/>\n<meta name=\"twitter:card\" content=\"summary_large_image\" \/>\n<meta name=\"twitter:label1\" content=\"Napisao\/la\" \/>\n\t<meta name=\"twitter:data1\" content=\"kosarkapgz.com\" \/>\n\t<meta name=\"twitter:label2\" content=\"Procijenjeno vrijeme \u010ditanja\" \/>\n\t<meta name=\"twitter:data2\" content=\"6 minuta\" \/>\n<script type=\"application\/ld+json\" class=\"yoast-schema-graph\">{\"@context\":\"https:\/\/schema.org\",\"@graph\":[{\"@type\":\"Article\",\"@id\":\"https:\/\/kosarkapgz.com\/?p=3808#article\",\"isPartOf\":{\"@id\":\"https:\/\/kosarkapgz.com\/?p=3808\"},\"author\":{\"name\":\"kosarkapgz.com\",\"@id\":\"https:\/\/kosarkapgz.com\/#\/schema\/person\/c69ce81411ba0000f2b5ba4f71a43081\"},\"headline\":\"Dje\u010daci Kastva regionalni prvaci!\",\"datePublished\":\"2025-04-17T21:06:19+00:00\",\"dateModified\":\"2025-04-17T21:12:07+00:00\",\"mainEntityOfPage\":{\"@id\":\"https:\/\/kosarkapgz.com\/?p=3808\"},\"wordCount\":567,\"commentCount\":0,\"publisher\":{\"@id\":\"https:\/\/kosarkapgz.com\/#organization\"},\"articleSection\":[\"Aktualno\"],\"inLanguage\":\"hr\",\"potentialAction\":[{\"@type\":\"CommentAction\",\"name\":\"Comment\",\"target\":[\"https:\/\/kosarkapgz.com\/?p=3808#respond\"]}]},{\"@type\":\"WebPage\",\"@id\":\"https:\/\/kosarkapgz.com\/?p=3808\",\"url\":\"https:\/\/kosarkapgz.com\/?p=3808\",\"name\":\"Dje\u010daci Kastva regionalni prvaci! - Ko\u0161arka\u0161ki savez PG\u017d\",\"isPartOf\":{\"@id\":\"https:\/\/kosarkapgz.com\/#website\"},\"datePublished\":\"2025-04-17T21:06:19+00:00\",\"dateModified\":\"2025-04-17T21:12:07+00:00\",\"description\":\"Dje\u010daci Kastva postali su \u201efrajeri iz Kastva\u201d, nakon velike pobjede u finalnoj utakmici Regionalne lige, u kojoj su na neutralnom parketu u Labinu svladali vr\u0161njake Pazina. Mladi su Pazinci bolje otvorili susret, no kako je utakmica odmicala \u201enaran\u010dasti\u201d su bili sve sigurniji, pretvoriv\u0161i u zadnjoj \u010detvrtini -6 u kona\u010dnih +4 (54:58).\",\"breadcrumb\":{\"@id\":\"https:\/\/kosarkapgz.com\/?p=3808#breadcrumb\"},\"inLanguage\":\"hr\",\"potentialAction\":[{\"@type\":\"ReadAction\",\"target\":[\"https:\/\/kosarkapgz.com\/?p=3808\"]}]},{\"@type\":\"BreadcrumbList\",\"@id\":\"https:\/\/kosarkapgz.com\/?p=3808#breadcrumb\",\"itemListElement\":[{\"@type\":\"ListItem\",\"position\":1,\"name\":\"Home\",\"item\":\"https:\/\/kosarkapgz.com\/\"},{\"@type\":\"ListItem\",\"position\":2,\"name\":\"Dje\u010daci Kastva regionalni prvaci!\"}]},{\"@type\":\"WebSite\",\"@id\":\"https:\/\/kosarkapgz.com\/#website\",\"url\":\"https:\/\/kosarkapgz.com\/\",\"name\":\"Ko\u0161arka\u0161ki savez PG\u017d\",\"description\":\"Slu\u017ebena stranica Ko\u0161arka\u0161kog saveza Primorsko - goranske \u017eupanije\",\"publisher\":{\"@id\":\"https:\/\/kosarkapgz.com\/#organization\"},\"alternateName\":\"Ko\u0161arkaPG\u017d\",\"potentialAction\":[{\"@type\":\"SearchAction\",\"target\":{\"@type\":\"EntryPoint\",\"urlTemplate\":\"https:\/\/kosarkapgz.com\/?s={search_term_string}\"},\"query-input\":\"required name=search_term_string\"}],\"inLanguage\":\"hr\"},{\"@type\":\"Organization\",\"@id\":\"https:\/\/kosarkapgz.com\/#organization\",\"name\":\"Ko\u0161arka\u0161ki savez PG\u017d\",\"url\":\"https:\/\/kosarkapgz.com\/\",\"logo\":{\"@type\":\"ImageObject\",\"inLanguage\":\"hr\",\"@id\":\"https:\/\/kosarkapgz.com\/#\/schema\/logo\/image\/\",\"url\":\"https:\/\/kosarkapgz.com\/wp-content\/uploads\/2023\/11\/kspgz_zastavica.jpg\",\"contentUrl\":\"https:\/\/kosarkapgz.com\/wp-content\/uploads\/2023\/11\/kspgz_zastavica.jpg\",\"width\":150,\"height\":189,\"caption\":\"Ko\u0161arka\u0161ki savez PG\u017d\"},\"image\":{\"@id\":\"https:\/\/kosarkapgz.com\/#\/schema\/logo\/image\/\"}},{\"@type\":\"Person\",\"@id\":\"https:\/\/kosarkapgz.com\/#\/schema\/person\/c69ce81411ba0000f2b5ba4f71a43081\",\"name\":\"kosarkapgz.com\",\"image\":{\"@type\":\"ImageObject\",\"inLanguage\":\"hr\",\"@id\":\"https:\/\/kosarkapgz.com\/#\/schema\/person\/image\/\",\"url\":\"https:\/\/secure.gravatar.com\/avatar\/1e45c95a66ab910c082b1f63c8b79087?s=96&d=mm&r=g\",\"contentUrl\":\"https:\/\/secure.gravatar.com\/avatar\/1e45c95a66ab910c082b1f63c8b79087?s=96&d=mm&r=g\",\"caption\":\"kosarkapgz.com\"},\"sameAs\":[\"http:\/\/kosarkapgz.com\"],\"url\":\"https:\/\/kosarkapgz.com\/?author=1\"}]}<\/script>\n<!-- \/ Yoast SEO plugin. -->","yoast_head_json":{"title":"Dje\u010daci Kastva regionalni prvaci! - Ko\u0161arka\u0161ki savez PG\u017d","description":"Dje\u010daci Kastva postali su \u201efrajeri iz Kastva\u201d, nakon velike pobjede u finalnoj utakmici Regionalne lige, u kojoj su na neutralnom parketu u Labinu svladali vr\u0161njake Pazina. Mladi su Pazinci bolje otvorili susret, no kako je utakmica odmicala \u201enaran\u010dasti\u201d su bili sve sigurniji, pretvoriv\u0161i u zadnjoj \u010detvrtini -6 u kona\u010dnih +4 (54:58).","robots":{"index":"index","follow":"follow","max-snippet":"max-snippet:-1","max-image-preview":"max-image-preview:large","max-video-preview":"max-video-preview:-1"},"canonical":"https:\/\/kosarkapgz.com\/?p=3808","og_locale":"hr_HR","og_type":"article","og_title":"Dje\u010daci Kastva regionalni prvaci! - Ko\u0161arka\u0161ki savez PG\u017d","og_description":"Dje\u010daci Kastva postali su \u201efrajeri iz Kastva\u201d, nakon velike pobjede u finalnoj utakmici Regionalne lige, u kojoj su na neutralnom parketu u Labinu svladali vr\u0161njake Pazina. Mladi su Pazinci bolje otvorili susret, no kako je utakmica odmicala \u201enaran\u010dasti\u201d su bili sve sigurniji, pretvoriv\u0161i u zadnjoj \u010detvrtini -6 u kona\u010dnih +4 (54:58).","og_url":"https:\/\/kosarkapgz.com\/?p=3808","og_site_name":"Ko\u0161arka\u0161ki savez PG\u017d","article_published_time":"2025-04-17T21:06:19+00:00","article_modified_time":"2025-04-17T21:12:07+00:00","og_image":[{"width":1000,"height":667,"url":"http:\/\/kosarkapgz.com\/wp-content\/uploads\/2025\/04\/a-a-akastav-stoja-3-kopi-1.jpg","type":"image\/jpeg"}],"author":"kosarkapgz.com","twitter_card":"summary_large_image","twitter_misc":{"Napisao\/la":"kosarkapgz.com","Procijenjeno vrijeme \u010ditanja":"6 minuta"},"schema":{"@context":"https:\/\/schema.org","@graph":[{"@type":"Article","@id":"https:\/\/kosarkapgz.com\/?p=3808#article","isPartOf":{"@id":"https:\/\/kosarkapgz.com\/?p=3808"},"author":{"name":"kosarkapgz.com","@id":"https:\/\/kosarkapgz.com\/#\/schema\/person\/c69ce81411ba0000f2b5ba4f71a43081"},"headline":"Dje\u010daci Kastva regionalni prvaci!","datePublished":"2025-04-17T21:06:19+00:00","dateModified":"2025-04-17T21:12:07+00:00","mainEntityOfPage":{"@id":"https:\/\/kosarkapgz.com\/?p=3808"},"wordCount":567,"commentCount":0,"publisher":{"@id":"https:\/\/kosarkapgz.com\/#organization"},"articleSection":["Aktualno"],"inLanguage":"hr","potentialAction":[{"@type":"CommentAction","name":"Comment","target":["https:\/\/kosarkapgz.com\/?p=3808#respond"]}]},{"@type":"WebPage","@id":"https:\/\/kosarkapgz.com\/?p=3808","url":"https:\/\/kosarkapgz.com\/?p=3808","name":"Dje\u010daci Kastva regionalni prvaci! - Ko\u0161arka\u0161ki savez PG\u017d","isPartOf":{"@id":"https:\/\/kosarkapgz.com\/#website"},"datePublished":"2025-04-17T21:06:19+00:00","dateModified":"2025-04-17T21:12:07+00:00","description":"Dje\u010daci Kastva postali su \u201efrajeri iz Kastva\u201d, nakon velike pobjede u finalnoj utakmici Regionalne lige, u kojoj su na neutralnom parketu u Labinu svladali vr\u0161njake Pazina. Mladi su Pazinci bolje otvorili susret, no kako je utakmica odmicala \u201enaran\u010dasti\u201d su bili sve sigurniji, pretvoriv\u0161i u zadnjoj \u010detvrtini -6 u kona\u010dnih +4 (54:58).","breadcrumb":{"@id":"https:\/\/kosarkapgz.com\/?p=3808#breadcrumb"},"inLanguage":"hr","potentialAction":[{"@type":"ReadAction","target":["https:\/\/kosarkapgz.com\/?p=3808"]}]},{"@type":"BreadcrumbList","@id":"https:\/\/kosarkapgz.com\/?p=3808#breadcrumb","itemListElement":[{"@type":"ListItem","position":1,"name":"Home","item":"https:\/\/kosarkapgz.com\/"},{"@type":"ListItem","position":2,"name":"Dje\u010daci Kastva regionalni prvaci!"}]},{"@type":"WebSite","@id":"https:\/\/kosarkapgz.com\/#website","url":"https:\/\/kosarkapgz.com\/","name":"Ko\u0161arka\u0161ki savez PG\u017d","description":"Slu\u017ebena stranica Ko\u0161arka\u0161kog saveza Primorsko - goranske \u017eupanije","publisher":{"@id":"https:\/\/kosarkapgz.com\/#organization"},"alternateName":"Ko\u0161arkaPG\u017d","potentialAction":[{"@type":"SearchAction","target":{"@type":"EntryPoint","urlTemplate":"https:\/\/kosarkapgz.com\/?s={search_term_string}"},"query-input":"required name=search_term_string"}],"inLanguage":"hr"},{"@type":"Organization","@id":"https:\/\/kosarkapgz.com\/#organization","name":"Ko\u0161arka\u0161ki savez PG\u017d","url":"https:\/\/kosarkapgz.com\/","logo":{"@type":"ImageObject","inLanguage":"hr","@id":"https:\/\/kosarkapgz.com\/#\/schema\/logo\/image\/","url":"https:\/\/kosarkapgz.com\/wp-content\/uploads\/2023\/11\/kspgz_zastavica.jpg","contentUrl":"https:\/\/kosarkapgz.com\/wp-content\/uploads\/2023\/11\/kspgz_zastavica.jpg","width":150,"height":189,"caption":"Ko\u0161arka\u0161ki savez PG\u017d"},"image":{"@id":"https:\/\/kosarkapgz.com\/#\/schema\/logo\/image\/"}},{"@type":"Person","@id":"https:\/\/kosarkapgz.com\/#\/schema\/person\/c69ce81411ba0000f2b5ba4f71a43081","name":"kosarkapgz.com","image":{"@type":"ImageObject","inLanguage":"hr","@id":"https:\/\/kosarkapgz.com\/#\/schema\/person\/image\/","url":"https:\/\/secure.gravatar.com\/avatar\/1e45c95a66ab910c082b1f63c8b79087?s=96&d=mm&r=g","contentUrl":"https:\/\/secure.gravatar.com\/avatar\/1e45c95a66ab910c082b1f63c8b79087?s=96&d=mm&r=g","caption":"kosarkapgz.com"},"sameAs":["http:\/\/kosarkapgz.com"],"url":"https:\/\/kosarkapgz.com\/?author=1"}]}},"_links":{"self":[{"href":"https:\/\/kosarkapgz.com\/index.php?rest_route=\/wp\/v2\/posts\/3808"}],"collection":[{"href":"https:\/\/kosarkapgz.com\/index.php?rest_route=\/wp\/v2\/posts"}],"about":[{"href":"https:\/\/kosarkapgz.com\/index.php?rest_route=\/wp\/v2\/types\/post"}],"author":[{"embeddable":true,"href":"https:\/\/kosarkapgz.com\/index.php?rest_route=\/wp\/v2\/users\/1"}],"replies":[{"embeddable":true,"href":"https:\/\/kosarkapgz.com\/index.php?rest_route=%2Fwp%2Fv2%2Fcomments&post=3808"}],"version-history":[{"count":6,"href":"https:\/\/kosarkapgz.com\/index.php?rest_route=\/wp\/v2\/posts\/3808\/revisions"}],"predecessor-version":[{"id":3825,"href":"https:\/\/kosarkapgz.com\/index.php?rest_route=\/wp\/v2\/posts\/3808\/revisions\/3825"}],"wp:featuredmedia":[{"embeddable":true,"href":"https:\/\/kosarkapgz.com\/index.php?rest_route=\/wp\/v2\/media\/3810"}],"wp:attachment":[{"href":"https:\/\/kosarkapgz.com\/index.php?rest_route=%2Fwp%2Fv2%2Fmedia&parent=3808"}],"wp:term":[{"taxonomy":"category","embeddable":true,"href":"https:\/\/kosarkapgz.com\/index.php?rest_route=%2Fwp%2Fv2%2Fcategories&post=3808"},{"taxonomy":"post_tag","embeddable":true,"href":"https:\/\/kosarkapgz.com\/index.php?rest_route=%2Fwp%2Fv2%2Ftags&post=3808"}],"curies":[{"name":"wp","href":"https:\/\/api.w.org\/{rel}","templated":true}]}}